{"id":4050,"date":"2016-07-07T00:00:23","date_gmt":"2016-07-06T22:00:23","guid":{"rendered":"http:\/\/chronik.blackblogs.org\/?p=4050"},"modified":"2016-07-07T00:00:23","modified_gmt":"2016-07-06T22:00:23","slug":"signal-de-fumee-pour-la-rigaer94","status":"publish","type":"post","link":"https:\/\/chronik.noblogs.org\/?p=4050","title":{"rendered":"Signal de fum\u00e9e pour la Rigaer94"},"content":{"rendered":"<p><strong>Francfort (Frankfurt am Main)<\/strong>, <span class=\"submitted\">7. Juillet 2016<\/span><\/p>\n<blockquote><p>Le juillet noir de la Rigaer-stra\u00dfe arrive. Depuis bient\u00f4t trois semaines, les flics assi\u00e8gent le projet \u201cRigaer94\u201d. Nous vous avons compris et nous r\u00e9pondons tant que c\u2019est possible. Et \u00e7a va continuer. Cette nuit, nous sommes tomb\u00e9s sur une voiture du fournisseur d\u2019\u00e9nergie local \u2018mainova\u2019.<\/p>\n<p>Depuis toujours excessivement cher, \u2018Mainova\u2019 tient une place significative dans l\u2019oppression des sans-ressources de toute fa\u00e7on. Celui qui ne veut plus payer ses factures se fait imm\u00e9diatement couper le courant. Celui qui veut avoir de nouveau du courant doit r\u00e9gler des sommes absurdes. Peut-\u00eatre que la voiture incendi\u00e9e vous aide \u00e0 r\u00e9fl\u00e9chir \u00e0 quelque chose.<br \/>\n<!--more--><br \/>\nNous nous r\u00e9jouissons des nombreuses actions partout, grosse comme petite \u2013 des r\u00e9actions appropri\u00e9es quant au spectacle de Henkel. Regardez ceci comme un petit soutien \u00e0 la lutte \u00e0 Friedrichshain. Berlin doit sombrer dans le chaos, et nous participons partout !<\/p>\n<p>Saluts solidaires aux compagnons incarc\u00e9r\u00e9s de la \u201cmanif sauvage\u201d de B\u00e2le. Nous souhaitons aussi beaucoup de force et seulement le meilleur \u00e0 la compagnonne d\u2019Aix-la-Chapelle accus\u00e9e de l\u2019expropriation d\u2019une banque.<\/p><\/blockquote>\n<p><strong>Source<\/strong>: <a href=\"https:\/\/linksunten.indymedia.org\/de\/node\/184450\">Linksunten<\/a><\/p>\n","protected":false},"excerpt":{"rendered":"<p>Francfort (Frankfurt am Main), 7. Juillet 2016 Le juillet noir de la Rigaer-stra\u00dfe arrive. Depuis bient\u00f4t trois semaines, les flics assi\u00e8gent le projet \u201cRigaer94\u201d. Nous vous avons compris et nous r\u00e9pondons tant que c\u2019est possible. Et \u00e7a va continuer. Cette nuit, nous sommes tomb\u00e9s sur une voiture du fournisseur d\u2019\u00e9nergie local \u2018mainova\u2019. Depuis toujours excessivement [&hellip;]<\/p>\n","protected":false},"author":12080,"featured_media":0,"comment_status":"closed","ping_status":"closed","sticky":false,"template":"","format":"standard","meta":{"footnotes":""},"categories":[5],"tags":[68],"class_list":["post-4050","post","type-post","status-publish","format-standard","hentry","category-fr","tag-frankfurt-am-main"],"_links":{"self":[{"href":"https:\/\/chronik.noblogs.org\/index.php?rest_route=\/wp\/v2\/posts\/4050","targetHints":{"allow":["GET"]}}],"collection":[{"href":"https:\/\/chronik.noblogs.org\/index.php?rest_route=\/wp\/v2\/posts"}],"about":[{"href":"https:\/\/chronik.noblogs.org\/index.php?rest_route=\/wp\/v2\/types\/post"}],"author":[{"embeddable":true,"href":"https:\/\/chronik.noblogs.org\/index.php?rest_route=\/wp\/v2\/users\/12080"}],"replies":[{"embeddable":true,"href":"https:\/\/chronik.noblogs.org\/index.php?rest_route=%2Fwp%2Fv2%2Fcomments&post=4050"}],"version-history":[{"count":0,"href":"https:\/\/chronik.noblogs.org\/index.php?rest_route=\/wp\/v2\/posts\/4050\/revisions"}],"wp:attachment":[{"href":"https:\/\/chronik.noblogs.org\/index.php?rest_route=%2Fwp%2Fv2%2Fmedia&parent=4050"}],"wp:term":[{"taxonomy":"category","embeddable":true,"href":"https:\/\/chronik.noblogs.org\/index.php?rest_route=%2Fwp%2Fv2%2Fcategories&post=4050"},{"taxonomy":"post_tag","embeddable":true,"href":"https:\/\/chronik.noblogs.org\/index.php?rest_route=%2Fwp%2Fv2%2Ftags&post=4050"}],"curies":[{"name":"wp","href":"https:\/\/api.w.org\/{rel}","templated":true}]}}