{"id":4048,"date":"2016-07-07T00:00:14","date_gmt":"2016-07-06T22:00:14","guid":{"rendered":"http:\/\/chronik.blackblogs.org\/?p=4048"},"modified":"2016-07-07T00:00:14","modified_gmt":"2016-07-06T22:00:14","slug":"auto-von-stromversorger-mainova-abgefackelt","status":"publish","type":"post","link":"https:\/\/chronik.noblogs.org\/?p=4048","title":{"rendered":"Auto von Stromversorger mainova abgefackelt"},"content":{"rendered":"<p><strong>Frankfurt am Main<\/strong>, 7. Juli 2016<\/p>\n<blockquote><p>Der schwarze Juli der Rigaer-stra\u00dfe kommt. Seit fast 3 Wochen belagern die Bullen das Projekt R94. Wir haben euch verstanden und antworten so wie wir k\u00f6nnen. Und es wird weiter gehen. Heute Nacht hat es ein Auto des \u00f6rtlichen Energieversorgers mainova getroffen.<\/p>\n<p>Schon immer \u00fcberteuert nimmt die mainova bedeutende Stellung in der Unterdr\u00fcckung der ohnehin schon mittellosen ein. Wer seine Rechnungen nicht mehr zahlen kann bekommt unverz\u00fcglich den Strom abgestellt. Wer wieder Strom haben will muss absurde Summen aufbringen. Vielleicht hilft euch das angez\u00fcndete Auto etwas beim nachdenken.<br \/>\n<!--more--><br \/>\nWir freuen uns \u00fcber die vielen gro\u00dfen und kleinen Aktionen \u00fcberall &#8211; angemessene Reaktionen auf das Schauspiel von Henkel. Seht dies als kleine Unterst\u00fctzung f\u00fcr den Kampf in Friedrichshain. Berlin soll im Chaos versinken, und wir machen \u00fcberall mit!<\/p>\n<p>Solidarische Gr\u00fc\u00dfe an die Inhaftierten Gef\u00e4hrten der sauvage aus Basel. Auch den in Aachen f\u00fcr die Enteignung einer Bank Angeklagten w\u00fcnschen wir viel\u00a0 Kraft und nur das Beste!<\/p><\/blockquote>\n<p><strong>Quelle<\/strong>: <a href=\"https:\/\/linksunten.indymedia.org\/de\/node\/184417\">Linksunten<\/a><\/p>\n","protected":false},"excerpt":{"rendered":"<p>Frankfurt am Main, 7. Juli 2016 Der schwarze Juli der Rigaer-stra\u00dfe kommt. Seit fast 3 Wochen belagern die Bullen das Projekt R94. Wir haben euch verstanden und antworten so wie wir k\u00f6nnen. Und es wird weiter gehen. Heute Nacht hat es ein Auto des \u00f6rtlichen Energieversorgers mainova getroffen. Schon immer \u00fcberteuert nimmt die mainova bedeutende [&hellip;]<\/p>\n","protected":false},"author":12080,"featured_media":0,"comment_status":"closed","ping_status":"closed","sticky":false,"template":"","format":"standard","meta":{"footnotes":""},"categories":[2],"tags":[68],"class_list":["post-4048","post","type-post","status-publish","format-standard","hentry","category-de","tag-frankfurt-am-main"],"_links":{"self":[{"href":"https:\/\/chronik.noblogs.org\/index.php?rest_route=\/wp\/v2\/posts\/4048","targetHints":{"allow":["GET"]}}],"collection":[{"href":"https:\/\/chronik.noblogs.org\/index.php?rest_route=\/wp\/v2\/posts"}],"about":[{"href":"https:\/\/chronik.noblogs.org\/index.php?rest_route=\/wp\/v2\/types\/post"}],"author":[{"embeddable":true,"href":"https:\/\/chronik.noblogs.org\/index.php?rest_route=\/wp\/v2\/users\/12080"}],"replies":[{"embeddable":true,"href":"https:\/\/chronik.noblogs.org\/index.php?rest_route=%2Fwp%2Fv2%2Fcomments&post=4048"}],"version-history":[{"count":0,"href":"https:\/\/chronik.noblogs.org\/index.php?rest_route=\/wp\/v2\/posts\/4048\/revisions"}],"wp:attachment":[{"href":"https:\/\/chronik.noblogs.org\/index.php?rest_route=%2Fwp%2Fv2%2Fmedia&parent=4048"}],"wp:term":[{"taxonomy":"category","embeddable":true,"href":"https:\/\/chronik.noblogs.org\/index.php?rest_route=%2Fwp%2Fv2%2Fcategories&post=4048"},{"taxonomy":"post_tag","embeddable":true,"href":"https:\/\/chronik.noblogs.org\/index.php?rest_route=%2Fwp%2Fv2%2Ftags&post=4048"}],"curies":[{"name":"wp","href":"https:\/\/api.w.org\/{rel}","templated":true}]}}