{"id":4012,"date":"2016-07-12T00:00:36","date_gmt":"2016-07-11T22:00:36","guid":{"rendered":"http:\/\/chronik.blackblogs.org\/?p=4012"},"modified":"2016-07-12T00:00:36","modified_gmt":"2016-07-11T22:00:36","slug":"nazi-roller-geklaut-und-angezuendet","status":"publish","type":"post","link":"https:\/\/chronik.noblogs.org\/?p=4012","title":{"rendered":"Nazi-Roller geklaut und angez\u00fcndet"},"content":{"rendered":"<p><strong><a href=\"https:\/\/chronik.blackblogs.org\/wp-content\/uploads\/sites\/109\/2016\/07\/5568027615.preview.jpg\"><img loading=\"lazy\" decoding=\"async\" class=\"alignright size-medium wp-image-4013\" src=\"https:\/\/chronik.blackblogs.org\/wp-content\/uploads\/sites\/109\/2016\/07\/5568027615.preview-225x300.jpg\" alt=\"5568027615.preview\" width=\"225\" height=\"300\" \/><\/a>G\u00f6ttingen<\/strong>, 12. Juli 2016<\/p>\n<blockquote><p>Wir haben in der Nacht vom 11. auf den 12. Juni 2016 das Fahrzeug des Nazis Daniel Aschoff (wohnhaft Bahnhofstr. 24a, 37181 Hardegsen) entf\u00fchrt. Daniel Aschoff, geboren am 28.02.1983, dreht in letzter Zeit ein bisschen durch. Der bekloppte Nazi-Einzelk\u00e4mpfer poltert seit einiger Zeit auf seiner Facebook-Seite &#8220;Smash all reds Niedersachsen&#8221; verbal-martialisch gegen die Antifa in S\u00fcdniedersachsen und vollzieht auch sehr krasse und gef\u00e4hrliche Aktionen wie das anbringen eines peinlich-schlechten &#8220;Anti-Antifa&#8221;-Graffitis am Bahnhof hinter seinem Haus oder das verkleben rechter Sticker in N\u00e4he linker Wohnprojekte in G\u00f6ttingen.<\/p>\n<p>Zumindest hat das W\u00fcrstchen Daniel es geschafft, unsere Aufmerksam vor\u00fcbergehend auf ihn zu lenken. Wir haben uns dazu entschieden, Daniels Radius ein wenig einzuschr\u00e4nken und deshalb sein Moped &#8220;Ansgy&#8221; entf\u00fchrt. Der leidensf\u00e4hige Daniel hatte schon \u00fcber 16.000 Kilometer auf Ansgy zur\u00fcckgelegt. Aber die Zeiten, in denen er ganz spontan mal mit 60 km\/h nach G\u00f6ttingen zum Sticker-Kleben donnern kann, sind erstmal vorbei. Zuk\u00fcnftig muss Daniel wohl den Bus nehmen. Er h\u00e4tte es uns auch echt nicht einfacher machen k\u00f6nnen. Keine Lenkradsperre und im Helmfach lag sogar noch der Ersatzschl\u00fcssel. Was f\u00fcr ein Vollidiot&#8230;<br \/>\n<!--more--><br \/>\nEine Geheimwaffe Daniels hatten wir aber nicht bedacht: Anstatt sich mit so profanen Sicherungsma\u00dfnahmen wie Lenkradsperren oder der sicheren Verwahrung von Ersatzschl\u00fcsseln zu befassen hat Daniel biotechnische Waffen auf Lager: In seinem Helmfach lagerten n\u00e4mlich nicht nur Schl\u00fcssel und ne Flasche mit Cola, sondern auch sein Gr\u00f6\u00dfe-S-&#8220;VOLLKONTAKT&#8221;-Shirt. Daniel, du Nudel &#8211; so alle paar Jahre kann man so ein Shirt auch mal waschen oder wenigstens ausl\u00fcften!<\/p>\n<p>Kurzum: Ansgy befindet sich jetzt in unserer Gewalt und ist seit nunmehr \u00fcber 36 Stunden gefangene der ANTIFA. Weil Ansgy uns auf ganz vielen b\u00f6sen Stickern, die an ihrem h\u00fcbschen roten Lack (rot m\u00f6gen wir!) kleben, entgegenschreit, dass es Gewalt mag, haben schonmal ein paar kleine physische Ver\u00e4nderungen vorgenommen. Entsprechende Fotos wollen wir euch nicht vorenthalten.<\/p>\n<p>Wie geht es jetzt weiter mit Angsy? Wird Daniel seiner rechten Gesinnung abschw\u00f6ren, sich f\u00fcr all seine schlimmen Taten entschuldigen und reuhm\u00fctig um die R\u00fcckgabe seines Mopeds bitten? Wird er zu Fu\u00df S\u00fcdniedersachsen durchk\u00e4mmen und Ansgy und sein Ekel-Shirt schlie\u00dflich wiederfinden? Oder werden wir vielleicht noch ganz viel Spa\u00df mit Ansgy haben?<\/p>\n<p>Ihr findet es heraus! &#8211; Wir sehen uns Morgen zur zweiten Szene von &#8220;Ansgy, Daniel und das Ekel-Shirt in S-Gr\u00f6\u00dfe&#8221;!<\/p>\n<p>&nbsp;<\/p>\n<p>[G\u00d6] Fahrzeug des Nazi Daniel Aschoff entf\u00fchrt &#8211; Teil 2<\/p>\n<p><a href=\"https:\/\/chronik.blackblogs.org\/wp-content\/uploads\/sites\/109\/2016\/07\/2013046121.preview.jpg\"><img loading=\"lazy\" decoding=\"async\" class=\"alignright size-medium wp-image-4014\" src=\"https:\/\/chronik.blackblogs.org\/wp-content\/uploads\/sites\/109\/2016\/07\/2013046121.preview-300x225.jpg\" alt=\"2013046121.preview\" width=\"300\" height=\"225\" \/><\/a>Guten Abend und willkommen zur zweiten Folge von &#8220;Ansgy, Daniel und das Ekel-Shirt in S-Gr\u00f6\u00dfe&#8221;!&#8221;. Wie wir gestern bei linksunten.indymedia.org berichteten, haben wir in der Nacht vom 11. auf den 12. Juli 2016 das Moped &#8220;Ansgy&#8221; des Hardegsener Nazis Daniel Aschoff entf\u00fchrt und uns schonmal ein bisschen dran ausgetobt. Seither ist Ansgy in Gefangenschaft der Antifa gewesen. Wir haben sie schlecht behandelt und es ging ihr den Umst\u00e4nden entsprechen durchgehend schlecht.<\/p>\n<p>Aber wie weiter nun mit Ansgy, Daniel und dem Ekel-Shirt? Was tut man mit so nem Nazi-Moped?<br \/>\nIdeen hatten wir ja schon einige &#8211; z.B. Daniel einfach sein Moped zur\u00fcckschicken. Per Wurfsendung in handlichen Teilen zum Beispiel. Aber wie wir so dar\u00fcber nachdachten, was wir jetzt noch als lustiges mit dem Ding anstellen k\u00f6nnten, fing Ansgy schon langsam an, uns auf die Nerven zu gehen. Ihr m\u00fcsst wissen: Die Kiste stinkt dank mutma\u00dflich \u00fcber Jahren im Helmfach eingelagerten Sportpullover echt hart nach Schwei\u00df! Au\u00dferdem haben wir auch noch andere Sachen zu tun als uns mit dem Gammel-Moped von sonem Nazi-W\u00fcrstchen aus Hardegsen zu besch\u00e4ftigen.<\/p>\n<p>Kurzum: Ansgy musste so langsam echt mal verschwinden. Also sind wir mit Ansgy zu einem abgelegenen Ort in S\u00fcdniedersachsen gefahren und haben uns bei Bier und Grill noch n netten Abend zusammen gemacht. Als der Abend sp\u00e4ter und die Luft schon k\u00fchler wurde, haben wir Ansgy dann den Flammen \u00fcbergeben und uns noch ein bisschen an ihr gew\u00e4rmt. F\u00fcr fast alle Beteiligten ein sehr sch\u00f6ner Abend.<\/p>\n<p>Sagmal Daniel, hast du eigentlich bald wieder n neuen Roller? \ud83d\ude42<\/p><\/blockquote>\n<p><strong>Quelle<\/strong>: <a href=\"https:\/\/linksunten.indymedia.org\/de\/node\/184990\">Linksunten<\/a> und <a href=\"https:\/\/linksunten.indymedia.org\/de\/node\/185124\">Linksunten<\/a><\/p>\n","protected":false},"excerpt":{"rendered":"<p>G\u00f6ttingen, 12. Juli 2016 Wir haben in der Nacht vom 11. auf den 12. Juni 2016 das Fahrzeug des Nazis Daniel Aschoff (wohnhaft Bahnhofstr. 24a, 37181 Hardegsen) entf\u00fchrt. Daniel Aschoff, geboren am 28.02.1983, dreht in letzter Zeit ein bisschen durch. Der bekloppte Nazi-Einzelk\u00e4mpfer poltert seit einiger Zeit auf seiner Facebook-Seite &#8220;Smash all reds Niedersachsen&#8221; verbal-martialisch [&hellip;]<\/p>\n","protected":false},"author":12080,"featured_media":0,"comment_status":"closed","ping_status":"closed","sticky":false,"template":"","format":"standard","meta":{"footnotes":""},"categories":[2],"tags":[74],"class_list":["post-4012","post","type-post","status-publish","format-standard","hentry","category-de","tag-goettingen"],"_links":{"self":[{"href":"https:\/\/chronik.noblogs.org\/index.php?rest_route=\/wp\/v2\/posts\/4012","targetHints":{"allow":["GET"]}}],"collection":[{"href":"https:\/\/chronik.noblogs.org\/index.php?rest_route=\/wp\/v2\/posts"}],"about":[{"href":"https:\/\/chronik.noblogs.org\/index.php?rest_route=\/wp\/v2\/types\/post"}],"author":[{"embeddable":true,"href":"https:\/\/chronik.noblogs.org\/index.php?rest_route=\/wp\/v2\/users\/12080"}],"replies":[{"embeddable":true,"href":"https:\/\/chronik.noblogs.org\/index.php?rest_route=%2Fwp%2Fv2%2Fcomments&post=4012"}],"version-history":[{"count":0,"href":"https:\/\/chronik.noblogs.org\/index.php?rest_route=\/wp\/v2\/posts\/4012\/revisions"}],"wp:attachment":[{"href":"https:\/\/chronik.noblogs.org\/index.php?rest_route=%2Fwp%2Fv2%2Fmedia&parent=4012"}],"wp:term":[{"taxonomy":"category","embeddable":true,"href":"https:\/\/chronik.noblogs.org\/index.php?rest_route=%2Fwp%2Fv2%2Fcategories&post=4012"},{"taxonomy":"post_tag","embeddable":true,"href":"https:\/\/chronik.noblogs.org\/index.php?rest_route=%2Fwp%2Fv2%2Ftags&post=4012"}],"curies":[{"name":"wp","href":"https:\/\/api.w.org\/{rel}","templated":true}]}}