{"id":3929,"date":"2016-06-28T00:00:21","date_gmt":"2016-06-27T22:00:21","guid":{"rendered":"http:\/\/chronik.blackblogs.org\/?p=3929"},"modified":"2016-06-28T00:00:21","modified_gmt":"2016-06-27T22:00:21","slug":"farbe-gegen-thor-steinar-outlet","status":"publish","type":"post","link":"https:\/\/chronik.noblogs.org\/?p=3929","title":{"rendered":"Farbe gegen Thor Steinar Outlet"},"content":{"rendered":"<p><strong><a href=\"https:\/\/chronik.blackblogs.org\/wp-content\/uploads\/sites\/109\/2016\/06\/183981.jpg\"><img loading=\"lazy\" decoding=\"async\" class=\"alignright size-medium wp-image-3931\" src=\"https:\/\/chronik.blackblogs.org\/wp-content\/uploads\/sites\/109\/2016\/06\/183981-300x300.jpg\" alt=\"183981\" width=\"300\" height=\"300\" \/><\/a>Dresden<\/strong>, 28. Juni 2016<\/p>\n<blockquote><p>In der Nacht von Montag auf Dienstag wurde der neue Thor Steinar Outlet (Kesselsdorfer Str. 21) in Dresden-L\u00f6btau mit Farbe angegriffen. Wir weisen au\u00dferdem darauf hin, dass der andere Thor Steinar Laden &#8220;Larvik&#8221; umgezogen ist. Er befindet sich jetzt in der St. Petersburger Stra\u00dfe 28 (&#8220;Prager Zeile&#8221;). Dieser w\u00fcrde sich auch \u00fcber einen Besuch freuen! In beiden L\u00e4den sind tags\u00fcber meist nur eine Verk\u00e4uferin, welche auf weitere &#8220;Kundschaft&#8221; warten. Nazil\u00e4den plattmachen!<\/p><\/blockquote>\n<p><strong>Quelle<\/strong>: <a href=\"https:\/\/linksunten.indymedia.org\/node\/183537\">Linksunten<\/a><\/p>\n","protected":false},"excerpt":{"rendered":"<p>Dresden, 28. Juni 2016 In der Nacht von Montag auf Dienstag wurde der neue Thor Steinar Outlet (Kesselsdorfer Str. 21) in Dresden-L\u00f6btau mit Farbe angegriffen. Wir weisen au\u00dferdem darauf hin, dass der andere Thor Steinar Laden &#8220;Larvik&#8221; umgezogen ist. Er befindet sich jetzt in der St. Petersburger Stra\u00dfe 28 (&#8220;Prager Zeile&#8221;). Dieser w\u00fcrde sich auch [&hellip;]<\/p>\n","protected":false},"author":12080,"featured_media":0,"comment_status":"closed","ping_status":"closed","sticky":false,"template":"","format":"standard","meta":{"footnotes":""},"categories":[2],"tags":[52],"class_list":["post-3929","post","type-post","status-publish","format-standard","hentry","category-de","tag-dresden"],"_links":{"self":[{"href":"https:\/\/chronik.noblogs.org\/index.php?rest_route=\/wp\/v2\/posts\/3929","targetHints":{"allow":["GET"]}}],"collection":[{"href":"https:\/\/chronik.noblogs.org\/index.php?rest_route=\/wp\/v2\/posts"}],"about":[{"href":"https:\/\/chronik.noblogs.org\/index.php?rest_route=\/wp\/v2\/types\/post"}],"author":[{"embeddable":true,"href":"https:\/\/chronik.noblogs.org\/index.php?rest_route=\/wp\/v2\/users\/12080"}],"replies":[{"embeddable":true,"href":"https:\/\/chronik.noblogs.org\/index.php?rest_route=%2Fwp%2Fv2%2Fcomments&post=3929"}],"version-history":[{"count":0,"href":"https:\/\/chronik.noblogs.org\/index.php?rest_route=\/wp\/v2\/posts\/3929\/revisions"}],"wp:attachment":[{"href":"https:\/\/chronik.noblogs.org\/index.php?rest_route=%2Fwp%2Fv2%2Fmedia&parent=3929"}],"wp:term":[{"taxonomy":"category","embeddable":true,"href":"https:\/\/chronik.noblogs.org\/index.php?rest_route=%2Fwp%2Fv2%2Fcategories&post=3929"},{"taxonomy":"post_tag","embeddable":true,"href":"https:\/\/chronik.noblogs.org\/index.php?rest_route=%2Fwp%2Fv2%2Ftags&post=3929"}],"curies":[{"name":"wp","href":"https:\/\/api.w.org\/{rel}","templated":true}]}}