{"id":3601,"date":"2016-05-21T00:00:22","date_gmt":"2016-05-20T22:00:22","guid":{"rendered":"http:\/\/chronik.blackblogs.org\/?p=3601"},"modified":"2016-05-21T00:00:22","modified_gmt":"2016-05-20T22:00:22","slug":"scheiben-bei-naziautos-zerstoert","status":"publish","type":"post","link":"https:\/\/chronik.noblogs.org\/?p=3601","title":{"rendered":"Scheiben bei Naziautos zerst\u00f6rt"},"content":{"rendered":"<p><strong><a href=\"https:\/\/chronik.blackblogs.org\/wp-content\/uploads\/sites\/109\/2016\/05\/179740.jpg\"><img loading=\"lazy\" decoding=\"async\" class=\"alignright size-medium wp-image-3602\" src=\"https:\/\/chronik.blackblogs.org\/wp-content\/uploads\/sites\/109\/2016\/05\/179740-300x252.jpg\" alt=\"179740\" width=\"300\" height=\"252\" \/><\/a>Weimar<\/strong>, 21. Mai 2016<\/p>\n<blockquote><p>Sehr ungeerhte Nazis und andere Dorftrottel,<br \/>\nvor eurem Th\u00fcgida Aufmarsches in Weimar, haben wir euch gesucht, aber leider nicht gefunden. Uns blieb nichts anderes \u00fcbrig, als euch zu Hause zu besuchen. Dabei haben wir eure Autos in der Nordvorstadt zerst\u00f6rt. Besucht wurde unter anderem der Kamerad Adrian Grafe mit dem Kennzeichen WE-AG-797 in der Meyerstra\u00dfe 14.<\/p>\n<p>Eine kleine Botschaft an euch: Wir warten seit Tagen, zeigt euch doch mal.<br \/>\n<!--more--><br \/>\nIn diesem Sinne, kommt ran dann machen wir euch lang!<\/p>\n<p>Liebste Gr\u00fc\u00dfe,<\/p>\n<p>Jugend Antifa Weimar<\/p><\/blockquote>\n<p><strong>Quelle<\/strong>: <a href=\"https:\/\/linksunten.indymedia.org\/en\/node\/179686\">Linksunten<\/a><\/p>\n","protected":false},"excerpt":{"rendered":"<p>Weimar, 21. Mai 2016 Sehr ungeerhte Nazis und andere Dorftrottel, vor eurem Th\u00fcgida Aufmarsches in Weimar, haben wir euch gesucht, aber leider nicht gefunden. Uns blieb nichts anderes \u00fcbrig, als euch zu Hause zu besuchen. Dabei haben wir eure Autos in der Nordvorstadt zerst\u00f6rt. Besucht wurde unter anderem der Kamerad Adrian Grafe mit dem Kennzeichen [&hellip;]<\/p>\n","protected":false},"author":12080,"featured_media":0,"comment_status":"closed","ping_status":"closed","sticky":false,"template":"","format":"standard","meta":{"footnotes":""},"categories":[2],"tags":[212],"class_list":["post-3601","post","type-post","status-publish","format-standard","hentry","category-de","tag-weimar"],"_links":{"self":[{"href":"https:\/\/chronik.noblogs.org\/index.php?rest_route=\/wp\/v2\/posts\/3601","targetHints":{"allow":["GET"]}}],"collection":[{"href":"https:\/\/chronik.noblogs.org\/index.php?rest_route=\/wp\/v2\/posts"}],"about":[{"href":"https:\/\/chronik.noblogs.org\/index.php?rest_route=\/wp\/v2\/types\/post"}],"author":[{"embeddable":true,"href":"https:\/\/chronik.noblogs.org\/index.php?rest_route=\/wp\/v2\/users\/12080"}],"replies":[{"embeddable":true,"href":"https:\/\/chronik.noblogs.org\/index.php?rest_route=%2Fwp%2Fv2%2Fcomments&post=3601"}],"version-history":[{"count":0,"href":"https:\/\/chronik.noblogs.org\/index.php?rest_route=\/wp\/v2\/posts\/3601\/revisions"}],"wp:attachment":[{"href":"https:\/\/chronik.noblogs.org\/index.php?rest_route=%2Fwp%2Fv2%2Fmedia&parent=3601"}],"wp:term":[{"taxonomy":"category","embeddable":true,"href":"https:\/\/chronik.noblogs.org\/index.php?rest_route=%2Fwp%2Fv2%2Fcategories&post=3601"},{"taxonomy":"post_tag","embeddable":true,"href":"https:\/\/chronik.noblogs.org\/index.php?rest_route=%2Fwp%2Fv2%2Ftags&post=3601"}],"curies":[{"name":"wp","href":"https:\/\/api.w.org\/{rel}","templated":true}]}}