{"id":3598,"date":"2016-05-22T00:00:23","date_gmt":"2016-05-21T22:00:23","guid":{"rendered":"http:\/\/chronik.blackblogs.org\/?p=3598"},"modified":"2016-05-22T00:00:23","modified_gmt":"2016-05-21T22:00:23","slug":"farbe-gegen-afd-lokal","status":"publish","type":"post","link":"https:\/\/chronik.noblogs.org\/?p=3598","title":{"rendered":"Farbe gegen AfD-Lokal"},"content":{"rendered":"<p><strong><a href=\"https:\/\/chronik.blackblogs.org\/wp-content\/uploads\/sites\/109\/2016\/05\/179978.jpg\"><img loading=\"lazy\" decoding=\"async\" class=\"alignright size-medium wp-image-3599\" src=\"https:\/\/chronik.blackblogs.org\/wp-content\/uploads\/sites\/109\/2016\/05\/179978-300x165.jpg\" alt=\"179978\" width=\"300\" height=\"165\" \/><\/a>Wiesbaden<\/strong>, 22. Mai 2016<\/p>\n<blockquote><p>In der letzten Nacht haben wir das AFD Stammlokal und den Ausgangsort diverser rechter Hetze, in Wiesbaden-Erbenheim, mit Farbe markiert.<\/p>\n<p>In dem Lokal finden, wie auch am kommenden Dienstag 24.05.2016, AFD Themenabende statt.<\/p>\n<p>Diese Themenabende wurden auch schon von Frauke Petry besucht.<br \/>\n<!--more--><br \/>\nWir fordern die Inhaberin Frau Claudia Rossel auf, der AFD zuk\u00fcnftig keine weitere Plattform f\u00fcr rechte Hetze zu geben.<\/p>\n<p>Wir werden die AFD bek\u00e4mpfen wo immer sie, unter ihrem b\u00fcrgerlichen Deckmantel, rechte Hetze betreibt und damit rechte Pogrome f\u00f6rdert und fordert.<\/p><\/blockquote>\n<p><strong>Quelle<\/strong>: <a href=\"https:\/\/linksunten.indymedia.org\/en\/node\/179701\">Linksunten<\/a><\/p>\n","protected":false},"excerpt":{"rendered":"<p>Wiesbaden, 22. Mai 2016 In der letzten Nacht haben wir das AFD Stammlokal und den Ausgangsort diverser rechter Hetze, in Wiesbaden-Erbenheim, mit Farbe markiert. In dem Lokal finden, wie auch am kommenden Dienstag 24.05.2016, AFD Themenabende statt. Diese Themenabende wurden auch schon von Frauke Petry besucht.<\/p>\n","protected":false},"author":12080,"featured_media":0,"comment_status":"closed","ping_status":"closed","sticky":false,"template":"","format":"standard","meta":{"footnotes":""},"categories":[2],"tags":[218],"class_list":["post-3598","post","type-post","status-publish","format-standard","hentry","category-de","tag-wiesbaden"],"_links":{"self":[{"href":"https:\/\/chronik.noblogs.org\/index.php?rest_route=\/wp\/v2\/posts\/3598","targetHints":{"allow":["GET"]}}],"collection":[{"href":"https:\/\/chronik.noblogs.org\/index.php?rest_route=\/wp\/v2\/posts"}],"about":[{"href":"https:\/\/chronik.noblogs.org\/index.php?rest_route=\/wp\/v2\/types\/post"}],"author":[{"embeddable":true,"href":"https:\/\/chronik.noblogs.org\/index.php?rest_route=\/wp\/v2\/users\/12080"}],"replies":[{"embeddable":true,"href":"https:\/\/chronik.noblogs.org\/index.php?rest_route=%2Fwp%2Fv2%2Fcomments&post=3598"}],"version-history":[{"count":0,"href":"https:\/\/chronik.noblogs.org\/index.php?rest_route=\/wp\/v2\/posts\/3598\/revisions"}],"wp:attachment":[{"href":"https:\/\/chronik.noblogs.org\/index.php?rest_route=%2Fwp%2Fv2%2Fmedia&parent=3598"}],"wp:term":[{"taxonomy":"category","embeddable":true,"href":"https:\/\/chronik.noblogs.org\/index.php?rest_route=%2Fwp%2Fv2%2Fcategories&post=3598"},{"taxonomy":"post_tag","embeddable":true,"href":"https:\/\/chronik.noblogs.org\/index.php?rest_route=%2Fwp%2Fv2%2Ftags&post=3598"}],"curies":[{"name":"wp","href":"https:\/\/api.w.org\/{rel}","templated":true}]}}