{"id":3461,"date":"2016-05-04T00:00:52","date_gmt":"2016-05-03T22:00:52","guid":{"rendered":"http:\/\/chronik.blackblogs.org\/?p=3461"},"modified":"2016-05-04T00:00:52","modified_gmt":"2016-05-03T22:00:52","slug":"scheibe-von-afd-buero-eingeworfen-3","status":"publish","type":"post","link":"https:\/\/chronik.noblogs.org\/?p=3461","title":{"rendered":"Scheibe von AfD-B\u00fcro eingeworfen"},"content":{"rendered":"<p><strong><a href=\"https:\/\/chronik.blackblogs.org\/wp-content\/uploads\/sites\/109\/2016\/05\/ludwigsfe.jpg\"><img loading=\"lazy\" decoding=\"async\" class=\"alignright size-medium wp-image-3462\" src=\"https:\/\/chronik.blackblogs.org\/wp-content\/uploads\/sites\/109\/2016\/05\/ludwigsfe-300x200.jpg\" alt=\"ludwigsfe\" width=\"300\" height=\"200\" \/><\/a>Ludwigsfelde<\/strong>, 4. Mai 2016<\/p>\n<blockquote><p>Die Angriffsserie auf Politiker der Alternative f\u00fcr Deutschland rei\u00dft nicht ab. Nachdem in der vergangenen Woche selbst Brandenburgs AfD-Chef Gauland zum Opfer wurde, haben Unbekannte nun das B\u00fcrgerb\u00fcro der Parlamentarischen Gesch\u00e4ftsf\u00fchrerin der AfD-Landtagsfraktion attackiert. Die verurteilt die Taten \u2013 und hat eine klare Entscheidung f\u00fcr sich getroffen.<\/p>\n<p>Auf das B\u00fcrgerb\u00fcro der Parlamentarischen Gesch\u00e4ftsf\u00fchrerin der AfD-Landtagsfraktion, Birgit Bessin, ist in der Nacht zum Mittwoch ein Anschlag ver\u00fcbt worden. Bisher Unbekannte haben die Glasfassade des Geb\u00e4udes in Ludwigsfelde mit einem Stein eingeworfen. Das B\u00fcrgerb\u00fcro, das direkt an einer Hauptverkehrsstra\u00dfe liegt, wurde mit einem Absperrband gesichert.<br \/>\n<!--more--><br \/>\nEs ist nicht der erste Anschlag auf Brandenburgs AfD-Abgeordnete. Allein in der vergangenen Woche war das Wohnhaus des brandenburgischen AfD-Chefs Alexander Gauland und das B\u00fcrgerb\u00fcro des Abgeordneten Sven Schr\u00f6der attackiert worden. Die AfD selbst spricht von einer Serie. Mit \u201esystematischen Terror\u201c werde versucht, \u201eeine politische Meinung zum Schweigen zu bringen\u201c, sagt Birgit Bessin.<\/p>\n<p>Bessin verurteilt die Taten<\/p>\n<p>Die Politikerin verurteilt die Taten und wird sich nach eigenen Aussagen davon nicht einsch\u00fcchtern lassen. \u201eWas f\u00fcr Zust\u00e4nde herrschen in unserem Land, wenn die Wohnanschriften von politischen Gegnern im Internet ver\u00f6ffentlicht werden, wenn Drohungen und Einsch\u00fcchterungen zum Alltag geh\u00f6ren, wenn B\u00fcrgerb\u00fcros und Parteiveranstaltungen regelm\u00e4\u00dfig und gewaltt\u00e4tig attackiert werden\u201c, fragt sie.<\/p>\n<p>AfD ver\u00f6ffentlicht Klarnamen eines Gegners<\/p>\n<p>Die AfD selbst hatte allerdings erst k\u00fcrzlich nach einer politischen Torten-Aktion, bei der ein Clown unter anderem Berlins AfD-Chefin Beatrix von Storch eine Torte ins Gesicht dr\u00fcckte, selbst noch die politischen Gegner \u00f6ffentlich im Internet an den Pranger gestellt. Von Storch ver\u00f6ffentlichte auf ihrer Internet-Facebookseite nach der Attacke ein Foto des T\u00e4ters inklusive seines vollen Namens. Der Angreifer soll bereits wenige Stunden danach Morddrohungen aus der rechten Szene erhalten haben. Eifrige Facebook-Nutzer fanden \u00fcber den Klarnamen auch die Telefonnummer und die Adresse des \u201eClowns\u201c heraus \u2013 und stellten die Daten \u00f6ffentlichkeitswirksam hinzu.<br \/>\nLinke Aktivisten leaken AfD-Parteitag-Teilnehmerliste<\/p>\n<p>Ein anderes Ausma\u00df erreichten vor wenigen Tagen linke Aktivisten, die auf dem Portal Indymedia eine Teilnehmerliste des AfD-Parteitages ver\u00f6ffentlichten. Mehr als 2000 Namen stehen auf der Liste &#8211; die fast aller Teilnehmer. Doch nicht nur das: Daneben steht die private Anschrift, das Geburtsdatum, die E-Mail-Adresse, die Telefon- und die Parteimitgliedsnummer. Zur besseren \u00dcbersichtlichkeit wurden sie nach Orten geordnet. Unter den Mitgliedern der AfD hat das f\u00fcr Unruhe gesorgt, es k\u00f6nnten \u201ekollektive Hausbesuche\u201c drohen, so AfD-Vorstand J\u00f6rg Meuthen. Der k\u00fcndigte nach Bekanntwerden der Ver\u00f6ffentlichung zugleich strafrechtliche Schritte an.<\/p><\/blockquote>\n<p><strong>Quelle<\/strong>: <a href=\"https:\/\/linksunten.indymedia.org\/en\/node\/178152\">MAZ<\/a><\/p>\n","protected":false},"excerpt":{"rendered":"<p>Ludwigsfelde, 4. Mai 2016 Die Angriffsserie auf Politiker der Alternative f\u00fcr Deutschland rei\u00dft nicht ab. Nachdem in der vergangenen Woche selbst Brandenburgs AfD-Chef Gauland zum Opfer wurde, haben Unbekannte nun das B\u00fcrgerb\u00fcro der Parlamentarischen Gesch\u00e4ftsf\u00fchrerin der AfD-Landtagsfraktion attackiert. Die verurteilt die Taten \u2013 und hat eine klare Entscheidung f\u00fcr sich getroffen. Auf das B\u00fcrgerb\u00fcro der [&hellip;]<\/p>\n","protected":false},"author":12080,"featured_media":0,"comment_status":"closed","ping_status":"closed","sticky":false,"template":"","format":"standard","meta":{"footnotes":""},"categories":[2],"tags":[127],"class_list":["post-3461","post","type-post","status-publish","format-standard","hentry","category-de","tag-ludwigsfelde"],"_links":{"self":[{"href":"https:\/\/chronik.noblogs.org\/index.php?rest_route=\/wp\/v2\/posts\/3461","targetHints":{"allow":["GET"]}}],"collection":[{"href":"https:\/\/chronik.noblogs.org\/index.php?rest_route=\/wp\/v2\/posts"}],"about":[{"href":"https:\/\/chronik.noblogs.org\/index.php?rest_route=\/wp\/v2\/types\/post"}],"author":[{"embeddable":true,"href":"https:\/\/chronik.noblogs.org\/index.php?rest_route=\/wp\/v2\/users\/12080"}],"replies":[{"embeddable":true,"href":"https:\/\/chronik.noblogs.org\/index.php?rest_route=%2Fwp%2Fv2%2Fcomments&post=3461"}],"version-history":[{"count":0,"href":"https:\/\/chronik.noblogs.org\/index.php?rest_route=\/wp\/v2\/posts\/3461\/revisions"}],"wp:attachment":[{"href":"https:\/\/chronik.noblogs.org\/index.php?rest_route=%2Fwp%2Fv2%2Fmedia&parent=3461"}],"wp:term":[{"taxonomy":"category","embeddable":true,"href":"https:\/\/chronik.noblogs.org\/index.php?rest_route=%2Fwp%2Fv2%2Fcategories&post=3461"},{"taxonomy":"post_tag","embeddable":true,"href":"https:\/\/chronik.noblogs.org\/index.php?rest_route=%2Fwp%2Fv2%2Ftags&post=3461"}],"curies":[{"name":"wp","href":"https:\/\/api.w.org\/{rel}","templated":true}]}}