{"id":3457,"date":"2016-05-04T00:00:45","date_gmt":"2016-05-03T22:00:45","guid":{"rendered":"http:\/\/chronik.blackblogs.org\/?p=3457"},"modified":"2016-05-04T00:00:45","modified_gmt":"2016-05-03T22:00:45","slug":"farbe-gegen-zwei-burschenschaften","status":"publish","type":"post","link":"https:\/\/chronik.noblogs.org\/?p=3457","title":{"rendered":"Farbe gegen zwei Burschenschaften"},"content":{"rendered":"<p><strong>Frankfurt am Main<\/strong>, 4. Mai 2016<\/p>\n<blockquote><p>In der Nacht vom 3. auf den 4. Mai wurden erneut 2 Frankfurter Burschenschaften farblich markiert. Anlass ist der sogenannte &#8220;Herrentag&#8221; am 5. Mai, an dem auch in diesem Jahr wieder zahlreiche M\u00e4nnerb\u00fcnde besoffen und gr\u00f6lend durch die Stra\u00dfen ziehen werden. Sie zelebrieren damit einen heterosexistischen Normalzustand, der nicht unkommentiert beleiben soll.<br \/>\n<!--more--><br \/>\nMit den Aktionen wurden zwei zentrale Akteure markiert, die sich durch ihre antifeministische und patriarchale Praxis sowie v\u00f6lkischen Nationalismus auszeichnen. Wir nehmen diese Zust\u00e4nde nicht hin: Nicht am 8. M\u00e4rz, nicht am 5. Mai &#8211; wo sich wieder diverse aktive Burschenschaftler und &#8220;alte Herren&#8221; zum Fr\u00fchschoppen auf dem R\u00f6merberg treffen &#8211; und an keinem anderen Tag!<\/p>\n<p>Am &#8220;Herrentag&#8221; gibts nix zu feiern!<\/p><\/blockquote>\n<p><strong>Quelle<\/strong>: <a href=\"https:\/\/linksunten.indymedia.org\/de\/node\/178101\">Linksunten<\/a><\/p>\n","protected":false},"excerpt":{"rendered":"<p>Frankfurt am Main, 4. Mai 2016 In der Nacht vom 3. auf den 4. Mai wurden erneut 2 Frankfurter Burschenschaften farblich markiert. Anlass ist der sogenannte &#8220;Herrentag&#8221; am 5. Mai, an dem auch in diesem Jahr wieder zahlreiche M\u00e4nnerb\u00fcnde besoffen und gr\u00f6lend durch die Stra\u00dfen ziehen werden. Sie zelebrieren damit einen heterosexistischen Normalzustand, der nicht [&hellip;]<\/p>\n","protected":false},"author":12080,"featured_media":0,"comment_status":"closed","ping_status":"closed","sticky":false,"template":"","format":"standard","meta":{"footnotes":""},"categories":[2],"tags":[68],"class_list":["post-3457","post","type-post","status-publish","format-standard","hentry","category-de","tag-frankfurt-am-main"],"_links":{"self":[{"href":"https:\/\/chronik.noblogs.org\/index.php?rest_route=\/wp\/v2\/posts\/3457","targetHints":{"allow":["GET"]}}],"collection":[{"href":"https:\/\/chronik.noblogs.org\/index.php?rest_route=\/wp\/v2\/posts"}],"about":[{"href":"https:\/\/chronik.noblogs.org\/index.php?rest_route=\/wp\/v2\/types\/post"}],"author":[{"embeddable":true,"href":"https:\/\/chronik.noblogs.org\/index.php?rest_route=\/wp\/v2\/users\/12080"}],"replies":[{"embeddable":true,"href":"https:\/\/chronik.noblogs.org\/index.php?rest_route=%2Fwp%2Fv2%2Fcomments&post=3457"}],"version-history":[{"count":0,"href":"https:\/\/chronik.noblogs.org\/index.php?rest_route=\/wp\/v2\/posts\/3457\/revisions"}],"wp:attachment":[{"href":"https:\/\/chronik.noblogs.org\/index.php?rest_route=%2Fwp%2Fv2%2Fmedia&parent=3457"}],"wp:term":[{"taxonomy":"category","embeddable":true,"href":"https:\/\/chronik.noblogs.org\/index.php?rest_route=%2Fwp%2Fv2%2Fcategories&post=3457"},{"taxonomy":"post_tag","embeddable":true,"href":"https:\/\/chronik.noblogs.org\/index.php?rest_route=%2Fwp%2Fv2%2Ftags&post=3457"}],"curies":[{"name":"wp","href":"https:\/\/api.w.org\/{rel}","templated":true}]}}