{"id":3393,"date":"2016-04-16T00:00:19","date_gmt":"2016-04-15T22:00:19","guid":{"rendered":"http:\/\/chronik.blackblogs.org\/?p=3393"},"modified":"2016-04-16T00:00:19","modified_gmt":"2016-04-15T22:00:19","slug":"gleise-blockiert-naziaufmarsch-gestoppt","status":"publish","type":"post","link":"https:\/\/chronik.noblogs.org\/?p=3393","title":{"rendered":"Gleise blockiert, Naziaufmarsch gestoppt"},"content":{"rendered":"<p><strong><a href=\"https:\/\/chronik.blackblogs.org\/wp-content\/uploads\/sites\/109\/2016\/04\/badold.jpg\"><img loading=\"lazy\" decoding=\"async\" class=\"alignright size-medium wp-image-3397\" src=\"https:\/\/chronik.blackblogs.org\/wp-content\/uploads\/sites\/109\/2016\/04\/badold-300x150.jpg\" alt=\"badold\" width=\"300\" height=\"150\" \/><\/a>Bad Oldesloe<\/strong>, 16. April 2016<\/p>\n<blockquote><p>Am vergangenen Sonnabendmittag, 16.04., wurde ein Regionalexpress auf der Fahrt von L\u00fcneburg nach L\u00fcbeck durch brennende Autoreifen auf den Gleisen gestoppt und fast 1 1\/2 Stunden aufgehalten.\u00a0 In dem gestoppten Regionalexpress befanden sich 130 Fahrg\u00e4ste, darunter auch 20 Personen des \u201erechten Spektrums\u201c, die zu einer Veranstaltung in Bad Oldesloe wollten. Daher gibt es den Verdacht, dass linkspolitische Aktivisten diese Blockade errichteten. Beweise daf\u00fcr liegen allerdings bisher nicht vor.<br \/>\n<!--more--><br \/>\nDie Reifen waren auf beiden Gleisen \u2013 die Strecke ist an dieser Stelle zweigleisig \u2013 aufgeschichtet und brannten bei Nahen des Zuges in voller Ausdehnung. Au\u00dferdem war ein neben den Gleisen verlaufender Kabelschacht ge\u00f6ffnet worden und in dem Kabelschacht war ebenfalls Feuer gelegt worden. Die sofort herbeigerufene Feuerwehr l\u00f6schte die Autoreifen und schaffte die \u00dcberreste neben die Gleise.<\/p>\n<p>Der Notfallmanager der DB AG begutachtete die Sch\u00e4den vor Ort und gab anschlie\u00dfend nach R\u00fccksprache mit der Bundespolizei \u201egr\u00fcnes Licht\u201c f\u00fcr die Freigabe der Strecke. Mit entsprechender Versp\u00e4tung trafen die Demonstranten aus dem rechtsradikalen Spektrum dann doch noch bei der Demo in Bad Oldesloe ein.<\/p><\/blockquote>\n<p><strong>Quelle<\/strong>: <a href=\"https:\/\/linksunten.indymedia.org\/de\/node\/176314\">Stormarn live<\/a><\/p>\n<p>&nbsp;<\/p>\n<p>&nbsp;<\/p>\n<blockquote><p>\u00dcberall waren schon an den Vortagen Plakate \u201eKein Ort f\u00fcr Nazis\u201c aufgeh\u00e4ngt worden. Und so blieb es auch. Die gro\u00dfe Gegendemonstrantation \u201eBad Oldesloe bleibt bunt\u201c startete bereits um 10.30 Uhr zu einer Tour durch die Innenstadt, Sch\u00e4tzungen nach mit 1200 Menschen, mobilisiert von Parteien von CDU bis Die Linke, Kirchen, Gewerkschaften. Eigentlich sollte die Demo auch auf dem Parkplatz in der Mommsenstra\u00dfe enden. Stattdessen positionierte sich der Zug direkt am Gitter vor dem Eingang zum Bad Oldesloer Bahnhof. Polizei und Veranstalter forderten die Menschenmenge mehrfach auf, sich zur\u00fcck auf den Platz der Anmeldung zu ziehen. Trotz mehrerer Ank\u00fcndigungen entschloss sich die Polizei dagegen, die Gegendemo zu r\u00e4umen. Das h\u00e4tte die Lage wohl eskalieren lassen.<\/p>\n<p>Die rechte Demonstration um Anmelder und NPDler Mark Proch hat den Bahnhofsbereich nie verlassen. Das verhinderten hunderte Autonome, die auf der Kreuzung Berliner Ring und Ratzeburger Stra\u00dfe den Durchweg versperrten.<\/p>\n<p>Die Polizei r\u00e4umte die Stra\u00dfe nicht und f\u00fchrte die nur 60 Personen starke Truppe aus Rechten, die meisten waren aus anderen St\u00e4dten angereist um hier zu marschieren, wieder zur\u00fcck zum Bahnhofsvorplatz. <strong>Schon der Start ihrer Kundgebung verz\u00f6gerte sich, nachdem brennende M\u00f6bel und Reifen auf den Schienen den Zugverkehr zeitweise lahmlegten.<\/strong> Die Reden wurden ohne Publikum, Polizisten, Journalisten einmal ausgenommen. W\u00e4hrend der Abreise flogen aus einem Pulk Gegendemonstranten Flaschen und B\u00f6ller in Richtung der Rechten. Diese mussten in Folge dann f\u00fcr lange Zeit im Bahnhofstunnel ausharren, bevor sie abreisen konnten.<\/p>\n<p>\u201eIch kann nicht sagen, dass es friedlich war. Aber auch keine gro\u00dfe Stra\u00dfenschlacht. Alles hat sich im Rahmen gehalten. Einige Blockaden wurden aufgel\u00f6st, dabei eine Frau verletzt\u201c, sagte Polizeisprecherin Sonja Kurz am sp\u00e4ten Nachmittag. \u201eDie angemeldeten Demonstrationen waren friedlich aber in der Folge kam es zu den erwarteten Zwischenf\u00e4llen.\u201c Ab einem gewissen Punkt habe es das \u00fcbliche Katz und Maus-Spiel gegeben. Bis fr\u00fchen Abend wurde ein Teilnehmer der rechten Demo festgenommen, vier Personen der Gegendemo. Eine Frau leicht verletzt. Mehrere M\u00fcllcontainer brannten. Die Polizei bleibt auch in der Nacht in Bad Oldesloe pr\u00e4sent.<\/p><\/blockquote>\n<p><strong>Quelle<\/strong>: <a href=\"https:\/\/linksunten.indymedia.org\/de\/node\/176046\">Stormarn live<\/a><\/p>\n","protected":false},"excerpt":{"rendered":"<p>Bad Oldesloe, 16. April 2016 Am vergangenen Sonnabendmittag, 16.04., wurde ein Regionalexpress auf der Fahrt von L\u00fcneburg nach L\u00fcbeck durch brennende Autoreifen auf den Gleisen gestoppt und fast 1 1\/2 Stunden aufgehalten.\u00a0 In dem gestoppten Regionalexpress befanden sich 130 Fahrg\u00e4ste, darunter auch 20 Personen des \u201erechten Spektrums\u201c, die zu einer Veranstaltung in Bad Oldesloe wollten. [&hellip;]<\/p>\n","protected":false},"author":12080,"featured_media":0,"comment_status":"closed","ping_status":"closed","sticky":false,"template":"","format":"standard","meta":{"footnotes":""},"categories":[2],"tags":[17],"class_list":["post-3393","post","type-post","status-publish","format-standard","hentry","category-de","tag-bad-oldesloe"],"_links":{"self":[{"href":"https:\/\/chronik.noblogs.org\/index.php?rest_route=\/wp\/v2\/posts\/3393","targetHints":{"allow":["GET"]}}],"collection":[{"href":"https:\/\/chronik.noblogs.org\/index.php?rest_route=\/wp\/v2\/posts"}],"about":[{"href":"https:\/\/chronik.noblogs.org\/index.php?rest_route=\/wp\/v2\/types\/post"}],"author":[{"embeddable":true,"href":"https:\/\/chronik.noblogs.org\/index.php?rest_route=\/wp\/v2\/users\/12080"}],"replies":[{"embeddable":true,"href":"https:\/\/chronik.noblogs.org\/index.php?rest_route=%2Fwp%2Fv2%2Fcomments&post=3393"}],"version-history":[{"count":0,"href":"https:\/\/chronik.noblogs.org\/index.php?rest_route=\/wp\/v2\/posts\/3393\/revisions"}],"wp:attachment":[{"href":"https:\/\/chronik.noblogs.org\/index.php?rest_route=%2Fwp%2Fv2%2Fmedia&parent=3393"}],"wp:term":[{"taxonomy":"category","embeddable":true,"href":"https:\/\/chronik.noblogs.org\/index.php?rest_route=%2Fwp%2Fv2%2Fcategories&post=3393"},{"taxonomy":"post_tag","embeddable":true,"href":"https:\/\/chronik.noblogs.org\/index.php?rest_route=%2Fwp%2Fv2%2Ftags&post=3393"}],"curies":[{"name":"wp","href":"https:\/\/api.w.org\/{rel}","templated":true}]}}