{"id":3342,"date":"2016-04-23T00:00:52","date_gmt":"2016-04-22T22:00:52","guid":{"rendered":"http:\/\/chronik.blackblogs.org\/?p=3342"},"modified":"2016-04-23T00:00:52","modified_gmt":"2016-04-22T22:00:52","slug":"afd-transporter-besprueht","status":"publish","type":"post","link":"https:\/\/chronik.noblogs.org\/?p=3342","title":{"rendered":"AfD-Transporter bespr\u00fcht"},"content":{"rendered":"<p><strong><a href=\"https:\/\/chronik.blackblogs.org\/wp-content\/uploads\/sites\/109\/2016\/04\/176993.jpg\"><img loading=\"lazy\" decoding=\"async\" class=\"alignright size-medium wp-image-3343\" src=\"https:\/\/chronik.blackblogs.org\/wp-content\/uploads\/sites\/109\/2016\/04\/176993-300x169.jpg\" alt=\"176993\" width=\"300\" height=\"169\" \/><\/a>Stralsund<\/strong>, 23. April 2016<\/p>\n<blockquote><p>Offenbar wollten Unbekannte verhindern, dass das Auto an der Wahlkampfauftaktveranstaltung der Alternative f\u00fcr Deutschland am Sonnabend euf dem Neuen Markt in Stralsund eigesetzt werden kann.<br \/>\n<!--more--><br \/>\nStralsund. Durch unbekannte T\u00e4ter wurde in Stralsund ein Fahrzeug, dass einem Mitglied des Kreisvorstandes der Alternative f\u00fcr Deutschland (AfD) geh\u00f6rt, gro\u00dffl\u00e4chig mit Farbe beschmiert. Wie die Polizei dazu weiter mitteilt, war ein Schriftzug war nicht erkennbar.<\/p>\n<p>Der Transporter stand vor einem Parteib\u00fcro der AfD im Gewerbehof Lindenstra\u00dfe. Die T\u00e4ter wollten m\u00f6glicherweise verhindern, dass das Fahrzeug f\u00fcr die am Sonnabend angesetzte Wahlkampfauftaktveranstaltung der AfD in Stralsund auf dem Neuen Markt ein gesetzt werden kann. Dazu wurden Scheiben und Scheinwerfer mit roter Farbe zu gespr\u00fcht.<\/p>\n<p>Der materielle Schaden betr\u00e4gt etwa 500 Euro. Die Kriminalpolizei hat die Ermittlungen dazu aufgenommen.<\/p>\n<p>Sachdienliche Hinweise nimmt das Polizeihauptrevier Stralsund unter Telefon xxx oder jeder anderen Polizeidienststelle entgegen.<\/p><\/blockquote>\n<p><strong>Quelle<\/strong>: <a href=\"https:\/\/linksunten.indymedia.org\/de\/node\/176988\">Ostsee Zeitung<\/a><\/p>\n","protected":false},"excerpt":{"rendered":"<p>Stralsund, 23. April 2016 Offenbar wollten Unbekannte verhindern, dass das Auto an der Wahlkampfauftaktveranstaltung der Alternative f\u00fcr Deutschland am Sonnabend euf dem Neuen Markt in Stralsund eigesetzt werden kann.<\/p>\n","protected":false},"author":12080,"featured_media":0,"comment_status":"closed","ping_status":"closed","sticky":false,"template":"","format":"standard","meta":{"footnotes":""},"categories":[2],"tags":[193],"class_list":["post-3342","post","type-post","status-publish","format-standard","hentry","category-de","tag-stralsund"],"_links":{"self":[{"href":"https:\/\/chronik.noblogs.org\/index.php?rest_route=\/wp\/v2\/posts\/3342","targetHints":{"allow":["GET"]}}],"collection":[{"href":"https:\/\/chronik.noblogs.org\/index.php?rest_route=\/wp\/v2\/posts"}],"about":[{"href":"https:\/\/chronik.noblogs.org\/index.php?rest_route=\/wp\/v2\/types\/post"}],"author":[{"embeddable":true,"href":"https:\/\/chronik.noblogs.org\/index.php?rest_route=\/wp\/v2\/users\/12080"}],"replies":[{"embeddable":true,"href":"https:\/\/chronik.noblogs.org\/index.php?rest_route=%2Fwp%2Fv2%2Fcomments&post=3342"}],"version-history":[{"count":0,"href":"https:\/\/chronik.noblogs.org\/index.php?rest_route=\/wp\/v2\/posts\/3342\/revisions"}],"wp:attachment":[{"href":"https:\/\/chronik.noblogs.org\/index.php?rest_route=%2Fwp%2Fv2%2Fmedia&parent=3342"}],"wp:term":[{"taxonomy":"category","embeddable":true,"href":"https:\/\/chronik.noblogs.org\/index.php?rest_route=%2Fwp%2Fv2%2Fcategories&post=3342"},{"taxonomy":"post_tag","embeddable":true,"href":"https:\/\/chronik.noblogs.org\/index.php?rest_route=%2Fwp%2Fv2%2Ftags&post=3342"}],"curies":[{"name":"wp","href":"https:\/\/api.w.org\/{rel}","templated":true}]}}