{"id":3339,"date":"2016-04-25T00:00:17","date_gmt":"2016-04-24T22:00:17","guid":{"rendered":"http:\/\/chronik.blackblogs.org\/?p=3339"},"modified":"2016-04-25T00:00:17","modified_gmt":"2016-04-24T22:00:17","slug":"farbe-gegen-vereinigung-kommunaler-arbeitgeber-vka","status":"publish","type":"post","link":"https:\/\/chronik.noblogs.org\/?p=3339","title":{"rendered":"Farbe gegen Vereinigung kommunaler Arbeitgeber (VKA)"},"content":{"rendered":"<p><strong><a href=\"https:\/\/chronik.blackblogs.org\/wp-content\/uploads\/sites\/109\/2016\/04\/176801.jpg\"><img loading=\"lazy\" decoding=\"async\" class=\"alignright size-medium wp-image-3340\" src=\"https:\/\/chronik.blackblogs.org\/wp-content\/uploads\/sites\/109\/2016\/04\/176801-300x225.jpg\" alt=\"176801\" width=\"300\" height=\"225\" \/><\/a>Stuttgart<\/strong>, 25. April 2016<\/p>\n<blockquote><p>+++ VKA markiert +++ Solidarit\u00e4t mit den Streikenden des TV\u00d6D +++ Klasse gegen Klasse +++ Am 1. Mai auf die Stra\u00dfe +++<\/p>\n<p>Wir haben in der Nacht vom 24. auf den 25.04., vor dem heutigen TV\u00d6D-Warnstreik die Vereinigung kommunaler Arbeitgeber (VKA) mit rotem Lack markiert und die Parole \u201eKlasse gegen Klasse\u201c hinterlassen.<\/p>\n<p>Die VKA steht bei den tariflichen Verhandlungen auf der Seite der Bourgeoise und versucht die Interessen gegen die Lohnabh\u00e4nigen durchzusetzen.<br \/>\n<!--more--><br \/>\nIn der aktuellen Tarifrunde bietet die VKA eine reale Lohnsteigerung von 0,66% 2016 und 1,2 % 2017 an. Zudem wollen sie die Zusatzversorgung und die betriebliche Altersvorsorge angreifen. Die Besch\u00e4ftigten sollen weiterhin in prek\u00e4ren Verh\u00e4ltnissen ausgebeutet und in Altersarmut gedr\u00e4ngt werden!<\/p>\n<p>Mit der Parole \u201cKlasse gegen Klasse\u201c wollen wir den sich antagonistisch entgegenstehenden Interessen der lohnabh\u00e4nigen Klasse und der Bourgeoise zum Ausdruck bringen, welche auch nicht durch irgendwelche Verhandlungen oder \u00e4hnlichem zusammen kommen k\u00f6nnen.<\/p>\n<p>Mit der symbolischen Aktion wollen wir uns mit den Streikenden solidarisieren und sie in ihrem Arbeitskampf unterst\u00fctzen.<\/p>\n<p>In einer Woche steht der 1. Mai an. Am traditionellen Kampftag der ArbeiterInnenklasse gehen wir f\u00fcr die Interessen unserer Klasse auf die Stra\u00dfe und demonstrieren f\u00fcr eine revolution\u00e4re \u00dcberwindung des Kapitalismus!<\/p>\n<p>Kommt am Sonntag, den 1. Mai in den antikapitalistischen Block auf der DGB-Demo und im Anschluss auf die Revolution\u00e4re 1. Mai Demo!<\/p>\n<p>Antikapitalistischer Block auf der DGB-Demo:<br \/>\n10 Uhr am Marienplatz<\/p>\n<p>Revolution\u00e4re 1.Mai Demo:<br \/>\n11:30 Uhr am Schillerplatz<\/p><\/blockquote>\n<p><strong>Quelle<\/strong>: <a href=\"https:\/\/linksunten.indymedia.org\/de\/node\/176800\">Linksunten<\/a><\/p>\n","protected":false},"excerpt":{"rendered":"<p>Stuttgart, 25. April 2016 +++ VKA markiert +++ Solidarit\u00e4t mit den Streikenden des TV\u00d6D +++ Klasse gegen Klasse +++ Am 1. Mai auf die Stra\u00dfe +++ Wir haben in der Nacht vom 24. auf den 25.04., vor dem heutigen TV\u00d6D-Warnstreik die Vereinigung kommunaler Arbeitgeber (VKA) mit rotem Lack markiert und die Parole \u201eKlasse gegen Klasse\u201c [&hellip;]<\/p>\n","protected":false},"author":12080,"featured_media":0,"comment_status":"closed","ping_status":"closed","sticky":false,"template":"","format":"standard","meta":{"footnotes":""},"categories":[2],"tags":[194],"class_list":["post-3339","post","type-post","status-publish","format-standard","hentry","category-de","tag-stuttgart"],"_links":{"self":[{"href":"https:\/\/chronik.noblogs.org\/index.php?rest_route=\/wp\/v2\/posts\/3339","targetHints":{"allow":["GET"]}}],"collection":[{"href":"https:\/\/chronik.noblogs.org\/index.php?rest_route=\/wp\/v2\/posts"}],"about":[{"href":"https:\/\/chronik.noblogs.org\/index.php?rest_route=\/wp\/v2\/types\/post"}],"author":[{"embeddable":true,"href":"https:\/\/chronik.noblogs.org\/index.php?rest_route=\/wp\/v2\/users\/12080"}],"replies":[{"embeddable":true,"href":"https:\/\/chronik.noblogs.org\/index.php?rest_route=%2Fwp%2Fv2%2Fcomments&post=3339"}],"version-history":[{"count":0,"href":"https:\/\/chronik.noblogs.org\/index.php?rest_route=\/wp\/v2\/posts\/3339\/revisions"}],"wp:attachment":[{"href":"https:\/\/chronik.noblogs.org\/index.php?rest_route=%2Fwp%2Fv2%2Fmedia&parent=3339"}],"wp:term":[{"taxonomy":"category","embeddable":true,"href":"https:\/\/chronik.noblogs.org\/index.php?rest_route=%2Fwp%2Fv2%2Fcategories&post=3339"},{"taxonomy":"post_tag","embeddable":true,"href":"https:\/\/chronik.noblogs.org\/index.php?rest_route=%2Fwp%2Fv2%2Ftags&post=3339"}],"curies":[{"name":"wp","href":"https:\/\/api.w.org\/{rel}","templated":true}]}}