{"id":3177,"date":"2016-04-01T00:00:04","date_gmt":"2016-03-31T22:00:04","guid":{"rendered":"http:\/\/chronik.blackblogs.org\/?p=3177"},"modified":"2016-04-01T00:00:04","modified_gmt":"2016-03-31T22:00:04","slug":"autos-und-laeden-rechter-angegriffen","status":"publish","type":"post","link":"https:\/\/chronik.noblogs.org\/?p=3177","title":{"rendered":"Autos und L\u00e4den rechter angegriffen"},"content":{"rendered":"<p><strong><a href=\"https:\/\/chronik.blackblogs.org\/wp-content\/uploads\/sites\/109\/2016\/04\/174438.jpg\"><img loading=\"lazy\" decoding=\"async\" class=\"alignright size-medium wp-image-3178\" src=\"https:\/\/chronik.blackblogs.org\/wp-content\/uploads\/sites\/109\/2016\/04\/174438-300x200.jpg\" alt=\"174438\" width=\"300\" height=\"200\" srcset=\"https:\/\/chronik.noblogs.org\/files\/2016\/04\/174438-300x200.jpg 300w, https:\/\/chronik.noblogs.org\/files\/2016\/04\/174438-768x512.jpg 768w, https:\/\/chronik.noblogs.org\/files\/2016\/04\/174438.jpg 800w\" sizes=\"auto, (max-width: 300px) 100vw, 300px\" \/><\/a>Wurzen<\/strong>, 1. April 2016<\/p>\n<blockquote><p>Nur 24 Stunden nach dem Brandanschlag auf den fr\u00fcheren Legida-Chef Markus Johnke (30 ) in Wurzen (MOPO24 berichtete), haben mutma\u00dfliche Linksextremisten in der Stadt an der Mulde erneut Anschl\u00e4ge ver\u00fcbt.<\/p>\n<p>Nach Angaben der Polizei kamen die Angreifer gegen Mitternacht in mehreren Autos nach Wurzen gefahren. Augenzeugen zufolge st\u00fcrmten aus den Fahrzeugen mehrere Vermummte.<br \/>\n<!--more--><br \/>\nEines dieser \u201eRollkommandos\u201c warf an einem Mehrfamilienhaus an der Walther-Rathenau-Stra\u00dfe Scheiben ein, bespr\u00fchte die Fassade mit Bitumen und z\u00fcndete ein davor geparkten VW Up an. Der Kleinwagen brannte komplett aus, ein daneben stehender Transporter wurde schwer besch\u00e4digt.<\/p>\n<p>Andere Vermummte demolierten derweil an der Kantstra\u00dfe ein Tattoo-Studio. Eine weitere Gruppe griff an der Bahnhofstra\u00dfe ein Sonnenstudio an. Auch dort wurden die Scheiben zerst\u00f6rt.<\/p>\n<p>Nach den nur wenige Minuten dauernden Zerst\u00f6rungsaktionen verschwanden die Vermummten wieder. Laut Polizei konnten sie unerkannt entkommen.<\/p>\n<p>Die Angriffe richteten sich offenbar gegen den deutschlandweit bekannten MMA-Kampfsportler Benjamin Brinsa (26), den der Staatsschutz der rechten Hooligan-Szene um Lok Leipzig zuordnet. Der abgebrannte VW Up geh\u00f6rte seiner Lebensgef\u00e4hrtin.<\/p>\n<p>Von dem angegriffenen Haus an der Kantstra\u00dfe aus f\u00fchrt der heute als MMA-Veranstalter und Profitrainer arbeitende Brinsa das MMA-Profiteam \u201eImperium Fighting Championship\u201c. Das angegriffene Tattoo-Studio war Sponsor der letzten Kampfveranstaltung am vergangenen Samstag im Leipziger Eventpalast.<\/p>\n<p>Wie aus Ermittlerkreisen zu erfahren war, sollen am \u00dcberfall von Rechtsextremisten auf den linksalternativen Stadtteil Connewitz am 11. Januar auch \u201eImperium\u201c-K\u00e4mpfer beteiligt gewesen sein.<\/p>\n<p>Zwar tauchte bisher kein Bekennerschreiben auf. Doch Staatssch\u00fctzer vermuten, dass die Aktionen in dieser Nacht in Wurzen ein Racheakt der linksautonomen Szene f\u00fcr den Connewitz-\u00dcberfall sein k\u00f6nnten.<\/p><\/blockquote>\n<p><strong>Quelle<\/strong>: <a href=\"https:\/\/linksunten.indymedia.org\/de\/node\/174436\">Mopo24<\/a><\/p>\n<p>&nbsp;<\/p>\n\n\t\t\t<div id='gallery-3177-1' class='gallery gallery-3177'>\n\t\t\t\t<div class='gallery-row gallery-clear'>\n\t\t\t\t\t<dl class='gallery-item col-3'>\n\t\t\t\t\t\t<dt class='gallery-icon'><a href='https:\/\/chronik.noblogs.org\/files\/2016\/04\/174437.jpg'><img loading=\"lazy\" decoding=\"async\" width=\"150\" height=\"150\" src=\"https:\/\/chronik.noblogs.org\/files\/2016\/04\/174437-150x150.jpg\" class=\"attachment-thumbnail size-thumbnail\" alt=\"\" \/><\/a><\/dt>\n\t\t\t\t\t<\/dl>\n\t\t\t\t\t<dl class='gallery-item col-3'>\n\t\t\t\t\t\t<dt class='gallery-icon'><a href='https:\/\/chronik.noblogs.org\/files\/2016\/04\/174430.jpg'><img loading=\"lazy\" decoding=\"async\" width=\"150\" height=\"150\" src=\"https:\/\/chronik.noblogs.org\/files\/2016\/04\/174430-150x150.jpg\" class=\"attachment-thumbnail size-thumbnail\" alt=\"\" \/><\/a><\/dt>\n\t\t\t\t\t<\/dl>\n\t\t\t\t\t<dl class='gallery-item col-3'>\n\t\t\t\t\t\t<dt class='gallery-icon'><a href='https:\/\/chronik.noblogs.org\/files\/2016\/04\/174439.jpg'><img loading=\"lazy\" decoding=\"async\" width=\"150\" height=\"150\" src=\"https:\/\/chronik.noblogs.org\/files\/2016\/04\/174439-150x150.jpg\" class=\"attachment-thumbnail size-thumbnail\" alt=\"\" \/><\/a><\/dt>\n\t\t\t\t\t<\/dl>\n\t\t\t\t<\/div>\n\t\t\t<\/div><!-- .gallery -->\n\n","protected":false},"excerpt":{"rendered":"<p>Wurzen, 1. April 2016 Nur 24 Stunden nach dem Brandanschlag auf den fr\u00fcheren Legida-Chef Markus Johnke (30 ) in Wurzen (MOPO24 berichtete), haben mutma\u00dfliche Linksextremisten in der Stadt an der Mulde erneut Anschl\u00e4ge ver\u00fcbt. Nach Angaben der Polizei kamen die Angreifer gegen Mitternacht in mehreren Autos nach Wurzen gefahren. Augenzeugen zufolge st\u00fcrmten aus den Fahrzeugen [&hellip;]<\/p>\n","protected":false},"author":12080,"featured_media":0,"comment_status":"closed","ping_status":"closed","sticky":false,"template":"","format":"standard","meta":{"footnotes":""},"categories":[2],"tags":[222],"class_list":["post-3177","post","type-post","status-publish","format-standard","hentry","category-de","tag-wurzen"],"_links":{"self":[{"href":"https:\/\/chronik.noblogs.org\/index.php?rest_route=\/wp\/v2\/posts\/3177","targetHints":{"allow":["GET"]}}],"collection":[{"href":"https:\/\/chronik.noblogs.org\/index.php?rest_route=\/wp\/v2\/posts"}],"about":[{"href":"https:\/\/chronik.noblogs.org\/index.php?rest_route=\/wp\/v2\/types\/post"}],"author":[{"embeddable":true,"href":"https:\/\/chronik.noblogs.org\/index.php?rest_route=\/wp\/v2\/users\/12080"}],"replies":[{"embeddable":true,"href":"https:\/\/chronik.noblogs.org\/index.php?rest_route=%2Fwp%2Fv2%2Fcomments&post=3177"}],"version-history":[{"count":0,"href":"https:\/\/chronik.noblogs.org\/index.php?rest_route=\/wp\/v2\/posts\/3177\/revisions"}],"wp:attachment":[{"href":"https:\/\/chronik.noblogs.org\/index.php?rest_route=%2Fwp%2Fv2%2Fmedia&parent=3177"}],"wp:term":[{"taxonomy":"category","embeddable":true,"href":"https:\/\/chronik.noblogs.org\/index.php?rest_route=%2Fwp%2Fv2%2Fcategories&post=3177"},{"taxonomy":"post_tag","embeddable":true,"href":"https:\/\/chronik.noblogs.org\/index.php?rest_route=%2Fwp%2Fv2%2Ftags&post=3177"}],"curies":[{"name":"wp","href":"https:\/\/api.w.org\/{rel}","templated":true}]}}