{"id":3134,"date":"2016-02-05T00:00:31","date_gmt":"2016-02-04T22:00:31","guid":{"rendered":"http:\/\/chronik.blackblogs.org\/?p=3134"},"modified":"2016-02-05T00:00:31","modified_gmt":"2016-02-04T22:00:31","slug":"attaccato-ufficio-di-oratore-pegida","status":"publish","type":"post","link":"https:\/\/chronik.noblogs.org\/?p=3134","title":{"rendered":"Attaccato ufficio di oratore Pegida"},"content":{"rendered":"<p><strong><a href=\"https:\/\/chronik.blackblogs.org\/wp-content\/uploads\/sites\/109\/2016\/02\/PeterWillweberDresden.jpg\"><img loading=\"lazy\" decoding=\"async\" class=\"alignright size-medium wp-image-2632\" src=\"https:\/\/chronik.blackblogs.org\/wp-content\/uploads\/sites\/109\/2016\/02\/PeterWillweberDresden-300x200.jpg\" alt=\"Peter Willweber\" width=\"300\" height=\"200\" srcset=\"https:\/\/chronik.noblogs.org\/files\/2016\/02\/PeterWillweberDresden-300x200.jpg 300w, https:\/\/chronik.noblogs.org\/files\/2016\/02\/PeterWillweberDresden-768x512.jpg 768w, https:\/\/chronik.noblogs.org\/files\/2016\/02\/PeterWillweberDresden.jpg 800w\" sizes=\"auto, (max-width: 300px) 100vw, 300px\" \/><\/a>Dresda (Dresden)<\/strong>, 5.\u00a0<span class=\"submitted\">Febbraio<\/span> 2016<\/p>\n<blockquote><p>Ehi Peter Willweber alias Willy, maledetto stronzo! \u201cA chi aizza una volta non si crede, anche se parla con i media.\u201d Eh gi\u00e0, da voi i media non si chiamano \u201cstampa bugiarda\u201d?<\/p>\n<p>Allora saresti tanto critico e te ne vai a PEGIDA solo di tanto in tanto? E anche se cos\u00ec fosse: una volta a PEGIDA \u00e8 una volta di troppo! Perci\u00f2 chiudi semplicemente il becco. Ma se non ci credi neanche tu alle tue cazzate! Prima che lo dimentichiamo, hai perfettamente ragione, vogliamo castigarti politicamente (notizia MOPO). Non devi pensare che sei al sicuro nel nostro quartiere, neanche dopo un anno. Sappiamo tuttora esattamente che eri oratore dalla plebaglia popolare ogni luned\u00ec. Ne godevi o no? Finalmente uscire da quel deserto di un\u2019esistenzia piccola borghese. Finalmente poter aizzare per bene. Finalmente poter essere un piccolo Hitler \u2013 e inoltre sei un pittore abbastanza da quattro soldi (smile). E ora dovremmo di nuovo dimenticare tutto? Tarallucci e vino?<\/p>\n<p>Te lo puoi scordare: siamo come gli elefanti (pi\u00f9 precisamente antifantx) \u2013 non dimentichiamo. E hai avuto solo la prima parte del conto. Abbiamo dimostrato cosa pensiamo dai porci razzisti come te. Chiudi bottega! La tua merda di borsa immobiliare della gentrificazione \u201cHome Company\u201d deve finire esattamente come le tue idee brune sull\u2019immondezzaio della storia.<\/p>\n<p>Perci\u00f2 facci il piacere e vattene da qui prima che dobbiamo anche farti una visita personale! Non ti servir\u00e0 nemmeno la posa combattiva che esponi in vetrina. Come c\u2019azzecca il detto popolare: \u201cUn\u2019altra sparata mascella spezzata\u201d anche questa \u00e8 una verit\u00e0 e si potr\u00e0 ben dire, o no?<\/p>\n<p>Con disprezzo Antifa e.V.<\/p><\/blockquote>\n<p><strong>Fonte<\/strong>: <a href=\"https:\/\/linksunten.indymedia.org\/it\/node\/173281\">Linksunten<\/a><\/p>\n<p>&nbsp;<\/p>\n","protected":false},"excerpt":{"rendered":"<p>Dresda (Dresden), 5.\u00a0Febbraio 2016 Ehi Peter Willweber alias Willy, maledetto stronzo! \u201cA chi aizza una volta non si crede, anche se parla con i media.\u201d Eh gi\u00e0, da voi i media non si chiamano \u201cstampa bugiarda\u201d? Allora saresti tanto critico e te ne vai a PEGIDA solo di tanto in tanto? E anche se cos\u00ec [&hellip;]<\/p>\n","protected":false},"author":12080,"featured_media":0,"comment_status":"closed","ping_status":"closed","sticky":false,"template":"","format":"standard","meta":{"footnotes":""},"categories":[6],"tags":[52],"class_list":["post-3134","post","type-post","status-publish","format-standard","hentry","category-it","tag-dresden"],"_links":{"self":[{"href":"https:\/\/chronik.noblogs.org\/index.php?rest_route=\/wp\/v2\/posts\/3134","targetHints":{"allow":["GET"]}}],"collection":[{"href":"https:\/\/chronik.noblogs.org\/index.php?rest_route=\/wp\/v2\/posts"}],"about":[{"href":"https:\/\/chronik.noblogs.org\/index.php?rest_route=\/wp\/v2\/types\/post"}],"author":[{"embeddable":true,"href":"https:\/\/chronik.noblogs.org\/index.php?rest_route=\/wp\/v2\/users\/12080"}],"replies":[{"embeddable":true,"href":"https:\/\/chronik.noblogs.org\/index.php?rest_route=%2Fwp%2Fv2%2Fcomments&post=3134"}],"version-history":[{"count":0,"href":"https:\/\/chronik.noblogs.org\/index.php?rest_route=\/wp\/v2\/posts\/3134\/revisions"}],"wp:attachment":[{"href":"https:\/\/chronik.noblogs.org\/index.php?rest_route=%2Fwp%2Fv2%2Fmedia&parent=3134"}],"wp:term":[{"taxonomy":"category","embeddable":true,"href":"https:\/\/chronik.noblogs.org\/index.php?rest_route=%2Fwp%2Fv2%2Fcategories&post=3134"},{"taxonomy":"post_tag","embeddable":true,"href":"https:\/\/chronik.noblogs.org\/index.php?rest_route=%2Fwp%2Fv2%2Ftags&post=3134"}],"curies":[{"name":"wp","href":"https:\/\/api.w.org\/{rel}","templated":true}]}}