{"id":3131,"date":"2016-03-31T00:00:58","date_gmt":"2016-03-30T22:00:58","guid":{"rendered":"http:\/\/chronik.blackblogs.org\/?p=3131"},"modified":"2016-03-31T00:00:58","modified_gmt":"2016-03-30T22:00:58","slug":"angriff-auf-rechte-projektwerkstatt","status":"publish","type":"post","link":"https:\/\/chronik.noblogs.org\/?p=3131","title":{"rendered":"Angriff auf rechte Projektwerkstatt"},"content":{"rendered":"<p><strong><a href=\"https:\/\/chronik.blackblogs.org\/wp-content\/uploads\/sites\/109\/2016\/03\/175470.jpg\"><img loading=\"lazy\" decoding=\"async\" class=\"alignright size-medium wp-image-3204\" src=\"https:\/\/chronik.blackblogs.org\/wp-content\/uploads\/sites\/109\/2016\/03\/175470-300x227.jpg\" alt=\"175470\" width=\"300\" height=\"227\" srcset=\"https:\/\/chronik.noblogs.org\/files\/2016\/03\/175470-300x227.jpg 300w, https:\/\/chronik.noblogs.org\/files\/2016\/03\/175470.jpg 500w\" sizes=\"auto, (max-width: 300px) 100vw, 300px\" \/><\/a>Karben<\/strong>, 31. M\u00e4rz 2016<\/p>\n<blockquote><p>Wir haben in der Nacht vom 30.3. zum 31.3 die Projektwerkstatt in der Bahnhofstra\u00dfe 11 in Karben (N\u00e4he Frankfurt) angegriffen. Wir schlugen alle Scheiben ein und verteilten Farbe im Innenraum sowie auf der Fassade.<\/p>\n<p>Die Projektwerkstatt besteht seit 2013, geh\u00f6rt und wird gef\u00fchrt von Andreas Lichert. Bekannt wurde die Projektwerkstatt u.a. durch die dort stattfinden Veranstaltungen mit Vertreterinnen und Vertretern der sogenannten \u00bbNeuen Rechten\u00ab. Konkret geht es dabei um Aktivistinnen und Aktivisten der \u00bbIdentit\u00e4ren Bewegung\u00ab (IB), Personen des rechten think tanks \u00bbInstitut f\u00fcr Staatspolitik\u00ab (IfS), sowie den Autorinnen und Autoren der \u00bbSezession\u00ab, der Zeitschrift des IfS und der \u00bbBlauen Narzisse\u00ab.*1<br \/>\n<!--more--><br \/>\nLichert versuchte anfangs noch nach \u00f6ffentlichem Protest Verbindungen zu rechten Strukturen zu leugnen, handelte sich dabei aber selbst von seinen Mitstreiter*innen Kritik ein. Dabei war Lichert selbst schon aktiv beim IfS, wo er 2014 auch einige Artikel f\u00fcr die Sezession schrieb. *2 Auch Besuch von hessischen NPD Kadern in der Projektwerkstatt stellt nicht nur kein Problem dar, sondern wird begr\u00fc\u00dft. *3<\/p>\n<p>Mittlerweile ist Lichert im Vorstand des AfD Kreisverbands Wetterau sowie des Landesverbands Hessen und das obwohl zwischenzeitlich ein Ausschlussverfahren gegen Lichert wegen \u201erechtsextremistischer Umtriebe\u201c angestrebt wurde *4.<\/p>\n<p>Dadurch stellt Lichert und die Projektwerkstadt ein Bindeglied zwischen Salon-Rassist*innen und der offenen Naziszene dar.<\/p>\n<p>Die AfD ist Wegbereiter einer rassistischen Stimmungsmache die sich in einer enormen Ausweitung der Angriffe auf Migrant*innen niederschl\u00e4gt. Hunderte Angriffe und Brandanschl\u00e4ge welche bisher nur mit Gl\u00fcck keine Todesopfer forderten sind direkte Folge dieser menschenfeindlichen Politik der Angst.<\/p>\n<p>Doch wir schauen dem nicht tatenlos zu. Wir werden Rassisten und Rassistinnen aus der Deckung holen, behindern und angreifen wo wir nur k\u00f6nnen.<\/p>\n<p>Wer bef\u00fcrwortet die EU-Au\u00dfengrenzen dicht zu machen und Menschen in Krieg und Hunger abschieben will, der muss mit unserer Gegenwehr rechnen.<\/p>\n<p>Wer reaktion\u00e4re Denker hofiert und Rechtsradikalen ein Podium bietet, der muss mit unserer Gegenwehr rechnen.<\/p>\n<p>Deswegen haben wir die Projektwerkstatt bewusst so angegriffen, dass sie als Tagungsort f\u00fcr ihre menschenverachtende Politik erst Mal nicht mehr benutzbar ist.<\/p>\n<p>Wir freuen uns \u00fcber die bundesweiten Aktionen gegen die AfD und solidarisieren uns mit all jenen die aufgrund ihres Widerstandes von den Bullen verpr\u00fcgelt oder eingesperrt werden.<\/p>\n<p>Wir sehen uns am 30.04. in Stuttgart um den AfD Parteitag zu verhindern!<br \/>\nAlte wie Neue Rechte angreifen!<\/p>\n<p>Autonome Antifas aus dem Rhein\/Main Gebiet<\/p>\n<p>*1<\/p>\n<blockquote class=\"wp-embedded-content\" data-secret=\"UqA6HtGsjL\"><p><a href=\"https:\/\/www.infobuero.org\/2013\/07\/die-projektwerkstatt-in-karben\/\">Die Projektwerkstatt in Karben \u2013 Zentrum f\u00fcr \u201eIdentit\u00e4re\u201c und \u201eNeue Rechte\u201c<\/a><\/p><\/blockquote>\n<p><iframe loading=\"lazy\" class=\"wp-embedded-content\" sandbox=\"allow-scripts\" security=\"restricted\" style=\"position: absolute; clip: rect(1px, 1px, 1px, 1px);\" title=\"&#8222;Die Projektwerkstatt in Karben \u2013 Zentrum f\u00fcr \u201eIdentit\u00e4re\u201c und \u201eNeue Rechte\u201c&#8220; &#8212; Antifaschistisches Infob\u00fcro Rhein-Main\" src=\"https:\/\/www.infobuero.org\/2013\/07\/die-projektwerkstatt-in-karben\/embed\/#?secret=yq4QGOLfkD#?secret=UqA6HtGsjL\" data-secret=\"UqA6HtGsjL\" width=\"600\" height=\"338\" frameborder=\"0\" marginwidth=\"0\" marginheight=\"0\" scrolling=\"no\"><\/iframe><br \/>\nhttps:\/\/linksunten.indymedia.org\/en\/node\/104353<\/p>\n<p>*2<br \/>\nhttp:\/\/xxx.sezession.de\/author\/lichert<\/p>\n<p>*3<br \/>\nhttps:\/\/linksunten.indymedia.org\/en\/node\/104353<\/p>\n<p>*4<br \/>\nhttp:\/\/www.fr-online.de\/rhein-main\/afd-rechtsruck-in-der-afd,1472796,30465764.html<br \/>\nhttp:\/\/xxx.sezession.de\/49386\/was-konrad-adam-und-andreas-lichert-gemeinsam-haben.html<\/p><\/blockquote>\n<p><strong>Quelle<\/strong>: <a href=\"https:\/\/linksunten.indymedia.org\/de\/node\/174269\">Linksunten<\/a><\/p>\n<p>&nbsp;<\/p>\n<p>&nbsp;<\/p>\n<p>&nbsp;<\/p>\n<p><strong>Polizei:<\/strong><\/p>\n<blockquote><p>Karben: Sachbesch\u00e4digung am ehemaligen Geb\u00e4ude der \u201eProjektwerkstatt Karben\u201c<br \/>\nAm 31.03.2016, vermutlich kurz nach 02.00 Uhr, wurde in Gro\u00df-Karben -durch bisher unbekannte T\u00e4ter- die Front der ehemaligen \u201eProjektwerkstatt Karben\u201c (Bahnhofstra\u00dfe) mit schwarzer Farbe bespr\u00fcht. Weiterhin versuchten die Unbekannten die Scheiben der Fenster und T\u00fcr (zur Stra\u00dfenseite hin) mit einem Feuerl\u00f6scher einzuschlagen. Die R\u00e4ume der ehem. \u201eProjektwerkstatt Karben\u201c stehen zZt. leer und sollten anderweitig vermietet werden. Der Hauseigent\u00fcmer beziffert den entstandenen Sachschaden mit ca. 8.000 Euro. Ein politischer Bezug liegt nach einem Bekennerschreiben vor. Die Kriminalpolizei ermittelt. Hinweise erbittet die Polizei in Friedberg, Tel.: 06031\/XXX oder die Polizei in Bad Vilbel, Tel.: 06101\/XXX.<\/p><\/blockquote>\n","protected":false},"excerpt":{"rendered":"<p>Karben, 31. M\u00e4rz 2016 Wir haben in der Nacht vom 30.3. zum 31.3 die Projektwerkstatt in der Bahnhofstra\u00dfe 11 in Karben (N\u00e4he Frankfurt) angegriffen. Wir schlugen alle Scheiben ein und verteilten Farbe im Innenraum sowie auf der Fassade. Die Projektwerkstatt besteht seit 2013, geh\u00f6rt und wird gef\u00fchrt von Andreas Lichert. Bekannt wurde die Projektwerkstatt u.a. [&hellip;]<\/p>\n","protected":false},"author":12080,"featured_media":0,"comment_status":"closed","ping_status":"closed","sticky":false,"template":"","format":"standard","meta":{"footnotes":""},"categories":[2],"tags":[107],"class_list":["post-3131","post","type-post","status-publish","format-standard","hentry","category-de","tag-karben"],"_links":{"self":[{"href":"https:\/\/chronik.noblogs.org\/index.php?rest_route=\/wp\/v2\/posts\/3131","targetHints":{"allow":["GET"]}}],"collection":[{"href":"https:\/\/chronik.noblogs.org\/index.php?rest_route=\/wp\/v2\/posts"}],"about":[{"href":"https:\/\/chronik.noblogs.org\/index.php?rest_route=\/wp\/v2\/types\/post"}],"author":[{"embeddable":true,"href":"https:\/\/chronik.noblogs.org\/index.php?rest_route=\/wp\/v2\/users\/12080"}],"replies":[{"embeddable":true,"href":"https:\/\/chronik.noblogs.org\/index.php?rest_route=%2Fwp%2Fv2%2Fcomments&post=3131"}],"version-history":[{"count":0,"href":"https:\/\/chronik.noblogs.org\/index.php?rest_route=\/wp\/v2\/posts\/3131\/revisions"}],"wp:attachment":[{"href":"https:\/\/chronik.noblogs.org\/index.php?rest_route=%2Fwp%2Fv2%2Fmedia&parent=3131"}],"wp:term":[{"taxonomy":"category","embeddable":true,"href":"https:\/\/chronik.noblogs.org\/index.php?rest_route=%2Fwp%2Fv2%2Fcategories&post=3131"},{"taxonomy":"post_tag","embeddable":true,"href":"https:\/\/chronik.noblogs.org\/index.php?rest_route=%2Fwp%2Fv2%2Ftags&post=3131"}],"curies":[{"name":"wp","href":"https:\/\/api.w.org\/{rel}","templated":true}]}}