{"id":3069,"date":"2016-03-20T00:00:45","date_gmt":"2016-03-19T22:00:45","guid":{"rendered":"http:\/\/chronik.blackblogs.org\/?p=3069"},"modified":"2016-03-20T00:00:45","modified_gmt":"2016-03-19T22:00:45","slug":"scheibe-von-afd-buero-eingeworfen","status":"publish","type":"post","link":"https:\/\/chronik.noblogs.org\/?p=3069","title":{"rendered":"Scheibe von AfD-B\u00fcro eingeworfen"},"content":{"rendered":"<p><strong>G\u00f6rlitz<\/strong>,\u00a0 20. M\u00e4rz 2016<\/p>\n<blockquote><p>Unbekannte haben am vergangenen Wochenende eine Glasscheibe am Parteib\u00fcro der Alternative f\u00fcr Deutschland an der Berliner Stra\u00dfe in G\u00f6rlitz besch\u00e4digt. Das teilt Thomas Knaup von der Polizeidirektion G\u00f6rlitz mit. Den Schaden bezifferte ein Verantwortlicher mit etwa 500 Euro. Das Dezernat Staatsschutz der Kriminalpolizei hat die Ermittlungen zu der Sachbesch\u00e4digung aufgenommen.<br \/>\n<!--more--><br \/>\nEs ist nicht das erste eingeworfene Fenster, das eine Partei in G\u00f6rlitz zu beklagen hat. Vor zwei Jahren besch\u00e4digte ein Unbekannter am 22. Februar eine Schaufensterscheibe des B\u00fcros \u201eDie Linke\u201c mit einem Verkehrszeichen sowie einer Bierflasche. Anhand von Zeugenhinweisen und Spuren am Tatort kamen die Ermittler des operativen Abwehrzentrums einem damals 20-j\u00e4hrigen G\u00f6rlitzer auf die Spur, der mittlerweile wegen anderer Delikte eine Haftstrafe verb\u00fc\u00dft.<\/p><\/blockquote>\n<p><strong>Quelle<\/strong>: <a href=\"https:\/\/linksunten.indymedia.org\/en\/node\/173535\">S\u00e4chsische Zeitung<\/a><\/p>\n","protected":false},"excerpt":{"rendered":"<p>G\u00f6rlitz,\u00a0 20. M\u00e4rz 2016 Unbekannte haben am vergangenen Wochenende eine Glasscheibe am Parteib\u00fcro der Alternative f\u00fcr Deutschland an der Berliner Stra\u00dfe in G\u00f6rlitz besch\u00e4digt. Das teilt Thomas Knaup von der Polizeidirektion G\u00f6rlitz mit. Den Schaden bezifferte ein Verantwortlicher mit etwa 500 Euro. Das Dezernat Staatsschutz der Kriminalpolizei hat die Ermittlungen zu der Sachbesch\u00e4digung aufgenommen.<\/p>\n","protected":false},"author":12080,"featured_media":0,"comment_status":"closed","ping_status":"closed","sticky":false,"template":"","format":"standard","meta":{"footnotes":""},"categories":[2],"tags":[73],"class_list":["post-3069","post","type-post","status-publish","format-standard","hentry","category-de","tag-goerlitz"],"_links":{"self":[{"href":"https:\/\/chronik.noblogs.org\/index.php?rest_route=\/wp\/v2\/posts\/3069","targetHints":{"allow":["GET"]}}],"collection":[{"href":"https:\/\/chronik.noblogs.org\/index.php?rest_route=\/wp\/v2\/posts"}],"about":[{"href":"https:\/\/chronik.noblogs.org\/index.php?rest_route=\/wp\/v2\/types\/post"}],"author":[{"embeddable":true,"href":"https:\/\/chronik.noblogs.org\/index.php?rest_route=\/wp\/v2\/users\/12080"}],"replies":[{"embeddable":true,"href":"https:\/\/chronik.noblogs.org\/index.php?rest_route=%2Fwp%2Fv2%2Fcomments&post=3069"}],"version-history":[{"count":0,"href":"https:\/\/chronik.noblogs.org\/index.php?rest_route=\/wp\/v2\/posts\/3069\/revisions"}],"wp:attachment":[{"href":"https:\/\/chronik.noblogs.org\/index.php?rest_route=%2Fwp%2Fv2%2Fmedia&parent=3069"}],"wp:term":[{"taxonomy":"category","embeddable":true,"href":"https:\/\/chronik.noblogs.org\/index.php?rest_route=%2Fwp%2Fv2%2Fcategories&post=3069"},{"taxonomy":"post_tag","embeddable":true,"href":"https:\/\/chronik.noblogs.org\/index.php?rest_route=%2Fwp%2Fv2%2Ftags&post=3069"}],"curies":[{"name":"wp","href":"https:\/\/api.w.org\/{rel}","templated":true}]}}