{"id":3066,"date":"2016-03-18T00:00:55","date_gmt":"2016-03-17T22:00:55","guid":{"rendered":"http:\/\/chronik.blackblogs.org\/?p=3066"},"modified":"2016-03-18T00:00:55","modified_gmt":"2016-03-17T22:00:55","slug":"angriff-auf-afd-buero","status":"publish","type":"post","link":"https:\/\/chronik.noblogs.org\/?p=3066","title":{"rendered":"Angriff auf AfD-B\u00fcro"},"content":{"rendered":"<p><strong>Aue<\/strong>,\u00a018. M\u00e4rz 2016<\/p>\n<blockquote><p>Unbekannte haben das B\u00fcro der AfD in Aue mit Farbe beschmiert. Nach Polizeiangaben hatten sie versucht, die T\u00fcr zu dem B\u00fcro auf dem Marktg\u00e4sschen aufzuhebeln. Das gelang nicht, allerdings wurde das Schloss zerst\u00f6rt. An der Schaufensterscheibe hinterlie\u00dfen die T\u00e4ter den Schriftzug &#8220;Rassismus t\u00f6tet&#8221; in schwarzer Farbe. Die H\u00f6he des Schadens ist noch unklar. Die Polizei hat die Ermittlungen aufgenommen.<\/p><\/blockquote>\n<p><strong>Quelle<\/strong>: <a href=\"http:\/\/www.radioerzgebirge.de\/nachrichten\/lokalnachrichten\/angriff-auf-afd-buero-in-aue-1210314\/\">radio erzgebirge<\/a><\/p>\n","protected":false},"excerpt":{"rendered":"<p>Aue,\u00a018. M\u00e4rz 2016 Unbekannte haben das B\u00fcro der AfD in Aue mit Farbe beschmiert. Nach Polizeiangaben hatten sie versucht, die T\u00fcr zu dem B\u00fcro auf dem Marktg\u00e4sschen aufzuhebeln. Das gelang nicht, allerdings wurde das Schloss zerst\u00f6rt. An der Schaufensterscheibe hinterlie\u00dfen die T\u00e4ter den Schriftzug &#8220;Rassismus t\u00f6tet&#8221; in schwarzer Farbe. Die H\u00f6he des Schadens ist noch [&hellip;]<\/p>\n","protected":false},"author":12080,"featured_media":0,"comment_status":"closed","ping_status":"closed","sticky":false,"template":"","format":"standard","meta":{"footnotes":""},"categories":[2],"tags":[15],"class_list":["post-3066","post","type-post","status-publish","format-standard","hentry","category-de","tag-aue"],"_links":{"self":[{"href":"https:\/\/chronik.noblogs.org\/index.php?rest_route=\/wp\/v2\/posts\/3066","targetHints":{"allow":["GET"]}}],"collection":[{"href":"https:\/\/chronik.noblogs.org\/index.php?rest_route=\/wp\/v2\/posts"}],"about":[{"href":"https:\/\/chronik.noblogs.org\/index.php?rest_route=\/wp\/v2\/types\/post"}],"author":[{"embeddable":true,"href":"https:\/\/chronik.noblogs.org\/index.php?rest_route=\/wp\/v2\/users\/12080"}],"replies":[{"embeddable":true,"href":"https:\/\/chronik.noblogs.org\/index.php?rest_route=%2Fwp%2Fv2%2Fcomments&post=3066"}],"version-history":[{"count":0,"href":"https:\/\/chronik.noblogs.org\/index.php?rest_route=\/wp\/v2\/posts\/3066\/revisions"}],"wp:attachment":[{"href":"https:\/\/chronik.noblogs.org\/index.php?rest_route=%2Fwp%2Fv2%2Fmedia&parent=3066"}],"wp:term":[{"taxonomy":"category","embeddable":true,"href":"https:\/\/chronik.noblogs.org\/index.php?rest_route=%2Fwp%2Fv2%2Fcategories&post=3066"},{"taxonomy":"post_tag","embeddable":true,"href":"https:\/\/chronik.noblogs.org\/index.php?rest_route=%2Fwp%2Fv2%2Ftags&post=3066"}],"curies":[{"name":"wp","href":"https:\/\/api.w.org\/{rel}","templated":true}]}}