{"id":3059,"date":"2016-03-22T00:00:41","date_gmt":"2016-03-21T22:00:41","guid":{"rendered":"http:\/\/chronik.blackblogs.org\/?p=3059"},"modified":"2016-03-22T00:00:41","modified_gmt":"2016-03-21T22:00:41","slug":"brandanschlag-auf-uetd-niederlassung","status":"publish","type":"post","link":"https:\/\/chronik.noblogs.org\/?p=3059","title":{"rendered":"Brandanschlag auf UETD-Niederlassung"},"content":{"rendered":"<p><strong><a href=\"https:\/\/chronik.blackblogs.org\/wp-content\/uploads\/sites\/109\/2016\/03\/173652.jpg\"><img loading=\"lazy\" decoding=\"async\" class=\"alignright size-medium wp-image-3060\" src=\"https:\/\/chronik.blackblogs.org\/wp-content\/uploads\/sites\/109\/2016\/03\/173652-300x225.jpg\" alt=\"173652\" width=\"300\" height=\"225\" srcset=\"https:\/\/chronik.noblogs.org\/files\/2016\/03\/173652-300x225.jpg 300w, https:\/\/chronik.noblogs.org\/files\/2016\/03\/173652-768x576.jpg 768w, https:\/\/chronik.noblogs.org\/files\/2016\/03\/173652.jpg 1024w\" sizes=\"auto, (max-width: 300px) 100vw, 300px\" \/><\/a>Dinslaken<\/strong>, 22. M\u00e4rz 2016<\/p>\n<blockquote><p>Auf die Filiale der Union Europ\u00e4isch-T\u00fcrkischer Demokraten (UETD) in Dinslaken in Nordrhein-Westfalen ist ein Brandanschlag ver\u00fcbt worden. Unbekannte warfen in den fr\u00fchen Morgenstunden einen Molotow-Cocktail in die UETD-Filiale. Der Brand verursachte erheblichen Sachschaden.<\/p>\n<p>Der UETD-Filialleiter K\u00f6ksal Kadi sagte, einiger Tr\u0131st sei es, dass niemand bei dem Anschlag zu Schaden gekommen sei. Mitarbeiter h\u00e4tten das Feuer vorseitig bemerkt und die Feuerwehrt alarmiert. Die Polizei habe inzwischen Ermittlungen eingeleitet. Kadi betonte, in der j\u00fcngsten Zeit habe sich die Zahl der Angriffe auf Vereine und Moschee erh\u00f6ht. <!--more--><br \/>\nDie Verantwortlichen m\u00fcssten dringend ermittelt und bestraft werden.<\/p><\/blockquote>\n<p><strong>Quelle<\/strong>: <a href=\"https:\/\/linksunten.indymedia.org\/en\/node\/173550\">TRT<\/a><\/p>\n<p>&nbsp;<\/p>\n<p>&nbsp;<\/p>\n<p><strong>Video<\/strong>:<br \/>\n<a href=\"https:\/\/vid.me\/kIs4\">https:\/\/vid.me\/kIs4<\/a><br \/>\n<a href=\"https:\/\/youtu.be\/fc5zNExoZmg\">https:\/\/youtu.be\/fc5zNExoZmg<\/a><\/p>\n<p>&nbsp;<\/p>\n\n\t\t\t<div id='gallery-3059-1' class='gallery gallery-3059'>\n\t\t\t\t<div class='gallery-row gallery-clear'>\n\t\t\t\t\t<dl class='gallery-item col-3'>\n\t\t\t\t\t\t<dt class='gallery-icon'><a href='https:\/\/chronik.noblogs.org\/files\/2016\/03\/173651.jpg'><img loading=\"lazy\" decoding=\"async\" width=\"150\" height=\"150\" src=\"https:\/\/chronik.noblogs.org\/files\/2016\/03\/173651-150x150.jpg\" class=\"attachment-thumbnail size-thumbnail\" alt=\"\" srcset=\"https:\/\/chronik.noblogs.org\/files\/2016\/03\/173651-150x150.jpg 150w, https:\/\/chronik.noblogs.org\/files\/2016\/03\/173651-300x300.jpg 300w, https:\/\/chronik.noblogs.org\/files\/2016\/03\/173651.jpg 432w\" sizes=\"auto, (max-width: 150px) 100vw, 150px\" \/><\/a><\/dt>\n\t\t\t\t\t<\/dl>\n\t\t\t\t\t<dl class='gallery-item col-3'>\n\t\t\t\t\t\t<dt class='gallery-icon'><a href='https:\/\/chronik.noblogs.org\/files\/2016\/03\/173653.jpg'><img loading=\"lazy\" decoding=\"async\" width=\"150\" height=\"150\" src=\"https:\/\/chronik.noblogs.org\/files\/2016\/03\/173653-150x150.jpg\" class=\"attachment-thumbnail size-thumbnail\" alt=\"\" \/><\/a><\/dt>\n\t\t\t\t\t<\/dl>\n\t\t\t\t\t<dl class='gallery-item col-3'>\n\t\t\t\t\t\t<dt class='gallery-icon'><a href='https:\/\/chronik.noblogs.org\/files\/2016\/03\/173654.jpg'><img loading=\"lazy\" decoding=\"async\" width=\"150\" height=\"150\" src=\"https:\/\/chronik.noblogs.org\/files\/2016\/03\/173654-150x150.jpg\" class=\"attachment-thumbnail size-thumbnail\" alt=\"\" \/><\/a><\/dt>\n\t\t\t\t\t<\/dl>\n\t\t\t\t<\/div>\n\t\t\t<\/div><!-- .gallery -->\n\n<p>&nbsp;<\/p>\n<blockquote><p>Almanya\u2019n\u0131n Dinslaken kentinde bulunan Avrupal\u0131 T\u00fcrk Demokratlar Birli\u011fi\u2019nin (UETD) \u015fubesine yap\u0131lan molotoflu eylemi Apocu gen\u00e7 kad\u0131n inisiyatifi \u201c\u015eehid Zekiye \u0130ntikam Timi\u201c \u00fcstlendi.<\/p>\n<p>Apocu gen\u00e7 kad\u0131n inisiyatifi molotoflu eylemiyle Newrozu kutlad\u0131\u011f\u0131n\u0131 duyurdu. Almanya\u2019n\u0131n Dinslaken kentinde UETD binas\u0131na molotoflu eylem d\u00fczenleyerek, sivil insanlara bir zarar verilmeden, binaya b\u00fcy\u00fck hasar verildi. \u0130nisiyatif \u201cEylem K\u00fcrdistan\u2019daki ba\u015fta K\u00fcrt kad\u0131n\u0131na ve halk\u0131m\u0131za yap\u0131lan t\u00fcm sald\u0131r\u0131lara kar\u015f\u0131 yap\u0131lm\u0131\u015f bir uyar\u0131 eylemidir. Apocu gen\u00e7 kad\u0131nlar Bodrumlarda hunharca katledilen ve yak\u0131lan K\u00fcrt sivillerin, sokak ortas\u0131nda katledilen yi\u011fit K\u00fcrt analar\u0131n\u0131n \u0130ntikam\u0131 i\u00e7in eylem yapt\u0131\u011f\u0131n\u0131 belirterek, K\u00fcrt Halk \u00d6nderi Abdullah \u00d6calan fiziki \u00f6zg\u00fcrl\u00fc\u011f\u00fcne kavu\u015fana kadar eylemlerini s\u00fcrd\u00fcr\u00fcceklerini s\u00f6yledi. A\u00e7\u0131klamas\u0131na devam eden inisiyatif \u2019\u2019AKP \u00e7etelerinin K\u00fcrt halk\u0131 \u00fczerindeki katliam politikalar\u0131 devam etmesi durumunda her yerde AKP ve uzant\u0131lar\u0131 hedefimiz olacakt\u0131r\u201c dedi.<\/p>\n<p>\u015eehid Zekiye \u0130ntikam Timi a\u00e7\u0131klamalar\u0131n\u0131 \u201cBij\u00ee Serok APO\u201c,\u201cB\u00ea Serok Jiyan Nabe\u201c,\u201cJin, Jiyan, Azad\u00ee\u201c sloganlar\u0131yla sonland\u0131rd\u0131.<\/p><\/blockquote>\n<p><strong>Quelle<\/strong>: <a href=\"http:\/\/rojaciwan.com\/tr\/rc\/sehid-zekiye-intikam-timinden-uetd-dinslaken-subesine-eylem\/\">rojaciwan.com<\/a><\/p>\n","protected":false},"excerpt":{"rendered":"<p>Dinslaken, 22. M\u00e4rz 2016 Auf die Filiale der Union Europ\u00e4isch-T\u00fcrkischer Demokraten (UETD) in Dinslaken in Nordrhein-Westfalen ist ein Brandanschlag ver\u00fcbt worden. Unbekannte warfen in den fr\u00fchen Morgenstunden einen Molotow-Cocktail in die UETD-Filiale. Der Brand verursachte erheblichen Sachschaden. Der UETD-Filialleiter K\u00f6ksal Kadi sagte, einiger Tr\u0131st sei es, dass niemand bei dem Anschlag zu Schaden gekommen sei. [&hellip;]<\/p>\n","protected":false},"author":12080,"featured_media":0,"comment_status":"closed","ping_status":"closed","sticky":false,"template":"","format":"standard","meta":{"footnotes":""},"categories":[2],"tags":[50],"class_list":["post-3059","post","type-post","status-publish","format-standard","hentry","category-de","tag-dinslaken"],"_links":{"self":[{"href":"https:\/\/chronik.noblogs.org\/index.php?rest_route=\/wp\/v2\/posts\/3059","targetHints":{"allow":["GET"]}}],"collection":[{"href":"https:\/\/chronik.noblogs.org\/index.php?rest_route=\/wp\/v2\/posts"}],"about":[{"href":"https:\/\/chronik.noblogs.org\/index.php?rest_route=\/wp\/v2\/types\/post"}],"author":[{"embeddable":true,"href":"https:\/\/chronik.noblogs.org\/index.php?rest_route=\/wp\/v2\/users\/12080"}],"replies":[{"embeddable":true,"href":"https:\/\/chronik.noblogs.org\/index.php?rest_route=%2Fwp%2Fv2%2Fcomments&post=3059"}],"version-history":[{"count":0,"href":"https:\/\/chronik.noblogs.org\/index.php?rest_route=\/wp\/v2\/posts\/3059\/revisions"}],"wp:attachment":[{"href":"https:\/\/chronik.noblogs.org\/index.php?rest_route=%2Fwp%2Fv2%2Fmedia&parent=3059"}],"wp:term":[{"taxonomy":"category","embeddable":true,"href":"https:\/\/chronik.noblogs.org\/index.php?rest_route=%2Fwp%2Fv2%2Fcategories&post=3059"},{"taxonomy":"post_tag","embeddable":true,"href":"https:\/\/chronik.noblogs.org\/index.php?rest_route=%2Fwp%2Fv2%2Ftags&post=3059"}],"curies":[{"name":"wp","href":"https:\/\/api.w.org\/{rel}","templated":true}]}}