{"id":3056,"date":"2016-03-21T00:00:05","date_gmt":"2016-03-20T22:00:05","guid":{"rendered":"http:\/\/chronik.blackblogs.org\/?p=3056"},"modified":"2016-03-21T00:00:05","modified_gmt":"2016-03-20T22:00:05","slug":"afd-buero-besprueht-2","status":"publish","type":"post","link":"https:\/\/chronik.noblogs.org\/?p=3056","title":{"rendered":"AfD-B\u00fcro bespr\u00fcht"},"content":{"rendered":"<p><strong><a href=\"https:\/\/chronik.blackblogs.org\/wp-content\/uploads\/sites\/109\/2016\/03\/173648.jpg\"><img loading=\"lazy\" decoding=\"async\" class=\"alignright size-medium wp-image-3057\" src=\"https:\/\/chronik.blackblogs.org\/wp-content\/uploads\/sites\/109\/2016\/03\/173648-300x169.jpg\" alt=\"173648\" width=\"300\" height=\"169\" srcset=\"https:\/\/chronik.noblogs.org\/files\/2016\/03\/173648-300x169.jpg 300w, https:\/\/chronik.noblogs.org\/files\/2016\/03\/173648-768x433.jpg 768w, https:\/\/chronik.noblogs.org\/files\/2016\/03\/173648-1024x577.jpg 1024w, https:\/\/chronik.noblogs.org\/files\/2016\/03\/173648.jpg 2048w\" sizes=\"auto, (max-width: 300px) 100vw, 300px\" \/><\/a>Werder (Havel)<\/strong>,\u00a0 21. M\u00e4rz 2016<\/p>\n<blockquote><p>Offensichtlich politisch motiviert war ein Anschlag auf das Parteib\u00fcro des Landtagsabgeordneten Steffen K\u00f6niger von der Alternative f\u00fcr Deutschland. Die Polizei ermittelt wegen Sachbesch\u00e4digung.<\/p>\n<p>Auf das B\u00fcrgerb\u00fcro des AfD-Landtagsabgeordneten Steffen K\u00f6niger in Werder\/Havel ist ein Anschlag ver\u00fcbt worden. Die Fenster des 2015 eingerichteten B\u00fcros in der Kasselgrundstra\u00dfe seien in der Nacht zu Montag mit schwarzer Farbe beschmiert worden, meldete die Polizei. <!--more--><br \/>\nUnbekannte T\u00e4ter h\u00e4tten \u201emehrere linksorientierte Schriftz\u00fcge\u201c zur\u00fcckgelassen, so die Polizei. Ermittelt werde wegen Sachbesch\u00e4digung. Laut K\u00f6niger wurde neben den Fenstern ein Leuchtschild in f\u00fcnf Metern H\u00f6he mit Parolen bespr\u00fcht. Auch die Gesch\u00e4ftsstelle der AfD-Kreistagsfraktion im Landkreis Potsdam-Mittelmark, die im selben Geb\u00e4ude ihren Sitz hat, sei betroffen.<\/p>\n<p>\u201eWem die Argumente ausgehen, der setzt auf Gewalt und Sachbesch\u00e4digung\u201c, sagte K\u00f6niger. Er werde sich nicht einsch\u00fcchtern lassen, so der geb\u00fcrtige Potsdamer, Jahrgang 1972. K\u00f6niger ist verheiratet, hat zwei Kinder. Er ist seit 1990 in rechtsgerichteten Parteien aktiv und wurde 1995 zum \u201eMister Brandenburg\u201c gek\u00fcrt.<\/p><\/blockquote>\n<p><strong>Quelle<\/strong>: <a href=\"https:\/\/linksunten.indymedia.org\/en\/node\/173647\">MAZ<\/a><\/p>\n","protected":false},"excerpt":{"rendered":"<p>Werder (Havel),\u00a0 21. M\u00e4rz 2016 Offensichtlich politisch motiviert war ein Anschlag auf das Parteib\u00fcro des Landtagsabgeordneten Steffen K\u00f6niger von der Alternative f\u00fcr Deutschland. Die Polizei ermittelt wegen Sachbesch\u00e4digung. Auf das B\u00fcrgerb\u00fcro des AfD-Landtagsabgeordneten Steffen K\u00f6niger in Werder\/Havel ist ein Anschlag ver\u00fcbt worden. Die Fenster des 2015 eingerichteten B\u00fcros in der Kasselgrundstra\u00dfe seien in der Nacht [&hellip;]<\/p>\n","protected":false},"author":12080,"featured_media":0,"comment_status":"closed","ping_status":"closed","sticky":false,"template":"","format":"standard","meta":{"footnotes":""},"categories":[2],"tags":[215],"class_list":["post-3056","post","type-post","status-publish","format-standard","hentry","category-de","tag-werder-havel"],"_links":{"self":[{"href":"https:\/\/chronik.noblogs.org\/index.php?rest_route=\/wp\/v2\/posts\/3056","targetHints":{"allow":["GET"]}}],"collection":[{"href":"https:\/\/chronik.noblogs.org\/index.php?rest_route=\/wp\/v2\/posts"}],"about":[{"href":"https:\/\/chronik.noblogs.org\/index.php?rest_route=\/wp\/v2\/types\/post"}],"author":[{"embeddable":true,"href":"https:\/\/chronik.noblogs.org\/index.php?rest_route=\/wp\/v2\/users\/12080"}],"replies":[{"embeddable":true,"href":"https:\/\/chronik.noblogs.org\/index.php?rest_route=%2Fwp%2Fv2%2Fcomments&post=3056"}],"version-history":[{"count":0,"href":"https:\/\/chronik.noblogs.org\/index.php?rest_route=\/wp\/v2\/posts\/3056\/revisions"}],"wp:attachment":[{"href":"https:\/\/chronik.noblogs.org\/index.php?rest_route=%2Fwp%2Fv2%2Fmedia&parent=3056"}],"wp:term":[{"taxonomy":"category","embeddable":true,"href":"https:\/\/chronik.noblogs.org\/index.php?rest_route=%2Fwp%2Fv2%2Fcategories&post=3056"},{"taxonomy":"post_tag","embeddable":true,"href":"https:\/\/chronik.noblogs.org\/index.php?rest_route=%2Fwp%2Fv2%2Ftags&post=3056"}],"curies":[{"name":"wp","href":"https:\/\/api.w.org\/{rel}","templated":true}]}}