{"id":3042,"date":"2016-03-17T00:00:45","date_gmt":"2016-03-16T22:00:45","guid":{"rendered":"http:\/\/chronik.blackblogs.org\/?p=3042"},"modified":"2016-03-17T00:00:45","modified_gmt":"2016-03-16T22:00:45","slug":"scheiben-bei-leipziger-buchmesse-eingeworfen","status":"publish","type":"post","link":"https:\/\/chronik.noblogs.org\/?p=3042","title":{"rendered":"Scheiben bei Leipziger Buchmesse eingeworfen"},"content":{"rendered":"<p><strong><a href=\"https:\/\/chronik.blackblogs.org\/wp-content\/uploads\/sites\/109\/2016\/03\/172817.jpg\"><img loading=\"lazy\" decoding=\"async\" class=\"alignright size-medium wp-image-3043\" src=\"https:\/\/chronik.blackblogs.org\/wp-content\/uploads\/sites\/109\/2016\/03\/172817-300x200.jpg\" alt=\"172817\" width=\"300\" height=\"200\" srcset=\"https:\/\/chronik.noblogs.org\/files\/2016\/03\/172817-300x200.jpg 300w, https:\/\/chronik.noblogs.org\/files\/2016\/03\/172817-768x512.jpg 768w, https:\/\/chronik.noblogs.org\/files\/2016\/03\/172817.jpg 800w\" sizes=\"auto, (max-width: 300px) 100vw, 300px\" \/><\/a>Leipzig<\/strong>,\u00a017. M\u00e4rz 2016<strong><br \/>\n<\/strong><\/p>\n<blockquote><p>Wie in den letzten Jahren auch hat es sich die Buchmesse in Leipzig auch 2016 nicht nehmen lassen J\u00fcrgen Els\u00e4sser von Compact einzuladen. Auf einen offenen Brief mit der Empfehlung seine Veranstaltungen abzublasen (siehe unten) wurde ausweichend reagiert, anstatt den Rassisten einfach auszuladen.<\/p>\n<p>Wir finden es falsch und gef\u00e4hrlich in der aktuellen gesellschaftlichen Situation, die von Rassismus und Ausgrenzung gepr\u00e4gt ist, eine mder geistigen Brandstifter_innen ein Forum zu bieten.<br \/>\n<!--more--><br \/>\nDaher haben wir uns entschieden dieses Mal Steine mitzubringen und einige der vielen Scheiben der Messe einzuwerfen.<\/p>\n<p>Nieder mit den Rassist_innen!<br \/>\nNieder mit dem Staat!<\/p>\n<p>zu Els\u00e4sser:<br \/>\nhttps:\/\/linksunten.indymedia.org\/en\/node\/169343<\/p>\n<p>externe links:<\/p>\n<p>offener Brief:<br \/>\nhttp:\/\/www.nocompact.de\/<\/p>\n<p>Artikel zum offenen Brief:<br \/>\nhttp:\/\/www.lvz.de\/Kultur\/News\/Offener-Brief-gegen-Compact-auf-der-Leipziger-Buchmesse<\/p><\/blockquote>\n<p><strong>Quelle<\/strong>: <a href=\"https:\/\/linksunten.indymedia.org\/de\/node\/172787\">Linksunten<\/a><\/p>\n","protected":false},"excerpt":{"rendered":"<p>Leipzig,\u00a017. M\u00e4rz 2016 Wie in den letzten Jahren auch hat es sich die Buchmesse in Leipzig auch 2016 nicht nehmen lassen J\u00fcrgen Els\u00e4sser von Compact einzuladen. Auf einen offenen Brief mit der Empfehlung seine Veranstaltungen abzublasen (siehe unten) wurde ausweichend reagiert, anstatt den Rassisten einfach auszuladen. Wir finden es falsch und gef\u00e4hrlich in der aktuellen [&hellip;]<\/p>\n","protected":false},"author":12080,"featured_media":0,"comment_status":"closed","ping_status":"closed","sticky":false,"template":"","format":"standard","meta":{"footnotes":""},"categories":[2],"tags":[124],"class_list":["post-3042","post","type-post","status-publish","format-standard","hentry","category-de","tag-leipzig"],"_links":{"self":[{"href":"https:\/\/chronik.noblogs.org\/index.php?rest_route=\/wp\/v2\/posts\/3042","targetHints":{"allow":["GET"]}}],"collection":[{"href":"https:\/\/chronik.noblogs.org\/index.php?rest_route=\/wp\/v2\/posts"}],"about":[{"href":"https:\/\/chronik.noblogs.org\/index.php?rest_route=\/wp\/v2\/types\/post"}],"author":[{"embeddable":true,"href":"https:\/\/chronik.noblogs.org\/index.php?rest_route=\/wp\/v2\/users\/12080"}],"replies":[{"embeddable":true,"href":"https:\/\/chronik.noblogs.org\/index.php?rest_route=%2Fwp%2Fv2%2Fcomments&post=3042"}],"version-history":[{"count":0,"href":"https:\/\/chronik.noblogs.org\/index.php?rest_route=\/wp\/v2\/posts\/3042\/revisions"}],"wp:attachment":[{"href":"https:\/\/chronik.noblogs.org\/index.php?rest_route=%2Fwp%2Fv2%2Fmedia&parent=3042"}],"wp:term":[{"taxonomy":"category","embeddable":true,"href":"https:\/\/chronik.noblogs.org\/index.php?rest_route=%2Fwp%2Fv2%2Fcategories&post=3042"},{"taxonomy":"post_tag","embeddable":true,"href":"https:\/\/chronik.noblogs.org\/index.php?rest_route=%2Fwp%2Fv2%2Ftags&post=3042"}],"curies":[{"name":"wp","href":"https:\/\/api.w.org\/{rel}","templated":true}]}}