{"id":3014,"date":"2016-03-15T00:00:31","date_gmt":"2016-03-14T22:00:31","guid":{"rendered":"http:\/\/chronik.blackblogs.org\/?p=3014"},"modified":"2016-03-15T00:00:31","modified_gmt":"2016-03-14T22:00:31","slug":"drei-autos-von-bosch-abgefackelt","status":"publish","type":"post","link":"https:\/\/chronik.noblogs.org\/?p=3014","title":{"rendered":"Drei Autos von Bosch abgefackelt"},"content":{"rendered":"<p><strong><a href=\"https:\/\/chronik.blackblogs.org\/wp-content\/uploads\/sites\/109\/2016\/03\/172663.jpg\"><img loading=\"lazy\" decoding=\"async\" class=\"alignright size-medium wp-image-3015\" src=\"https:\/\/chronik.blackblogs.org\/wp-content\/uploads\/sites\/109\/2016\/03\/172663-300x169.jpg\" alt=\"172663\" width=\"300\" height=\"169\" srcset=\"https:\/\/chronik.noblogs.org\/files\/2016\/03\/172663-300x169.jpg 300w, https:\/\/chronik.noblogs.org\/files\/2016\/03\/172663-768x432.jpg 768w, https:\/\/chronik.noblogs.org\/files\/2016\/03\/172663.jpg 985w\" sizes=\"auto, (max-width: 300px) 100vw, 300px\" \/><\/a>Berlin<\/strong>, 15. M\u00e4rz 2016<\/p>\n<blockquote><p>F\u00fcr die Entwicklung des Widerstands gegen das europ\u00e4ische Grenzregime ist zumindest ansatzweise eine Koordinierung der militanten und anarchistischen Gruppen w\u00fcnschenswert. In der Vielzahl der verbreiteten Aufrufe aus dem aufst\u00e4ndischen Milieu hat der Text \u201eFestung Europa sabotieren \u2013 wir schaffen das\u201c, neben anderen auch in der Zeck 190 abgedruckt, f\u00fcr uns eine gewisse Relevanz bekommen, weil die Vorschl\u00e4ge konkreter sind als in vielen allgemeinen Aufrufen.<br \/>\n<!--more--><br \/>\nDie Festung Europa funktioniert nur, wenn auch das kleinste R\u00e4dchen l\u00e4uft. Bosch Sicherheit ist so ein R\u00e4dchen. Mit ihrer \u00dcberwachungstechnologie tr\u00e4gt Bosch zur Hatz auf unerw\u00fcnschte Fl\u00fcchtlinge bei und unterst\u00fctzt die Umsetzung der staatspolitisch geforderten \u201eObergrenzen\u201c und Grenzschlie\u00dfungen.<\/p>\n<p>Bosch ist eines der f\u00fchrenden Unternehmen zur Herstellung von Sicherheitstechnik. Sicherheitstechnik, die in Grenzanlagen, Kn\u00e4sten, Flugh\u00e4fen und Bahnh\u00f6fen zum Einsatz kommt. Zus\u00e4tzlich zu analogen Videokameras, die bereits vorhanden sind, \u00fcberwachen Bosch IP-Videokameras sensible Gel\u00e4nde wie den Eurotunnel oder das Connewitzer Kreuz. Zur Kamerasteuerung wird das Bosch Video Management System BVMS genutzt. Zusammen mit dem Video Recording Manager (VRM) und der Automatic Network Replenishment Technologie (ANR) stellt das BVMS sicher, dass Aufzeichnungen bei einer Netzwerkunterbrechung lokal zwischengespeichert werden und vollst\u00e4ndig verf\u00fcgbar sind, sobald das Netzwerk wieder funktioniert.<\/p>\n<p>Um den Wunsch der Kannibalen zu entsprechen, wird diese Technik weiterentwickelt und f\u00fcr noch perfidere Anwendungen verwendet. Diese stets sichtbare Technik soll uns im Glauben der \u00f6ffentlichen Sicherheit und des sozialen Friedens lassen. Nicht nur in den letzten Jahren werden an jeder Grenze hunderte Menschen ermordet und verscharrt. Derzeit l\u00e4sst es sich nicht mehr verstecken. Bosch kann direkt daran teil haben, die Bewegungsmelder an Z\u00e4unen oder hochentwickelten Kameras \u00fcbertragen die Ereignisse direkt zu den Verantwortlichen.<\/p>\n<p>Auch wenn Bosch keine klassischen Waffen entwickelt, entwickeln sie Technik zur \u00dcberwachung, Dem\u00fctigung bis hin zu Bauteilen, die in Drohnen, Panzern oder Frontexbooten vorkommt.<\/p>\n<p>Mit den drei Rauchs\u00e4ulen in unterschiedlichen Berliner Bezirken der vergangenen Nacht symbolisieren wir die Verg\u00e4nglichkeit und Angreifbarkeit von Herrschaft und ihrer Werkzeuge \u2013 drei Fahrzeuge von Bosch, die keinen Beitrag mehr im sozialen Krieg leisten werden.<\/p>\n<p>Eines gleich neben dem BCC, dem Veranstaltungsort des diesj\u00e4hrigen \u201eEurop\u00e4ischen Polizeikongress\u201c. Dort symbiotisieren die staatliche Planungsstellen mit den industriellen Profiteuren um Fl\u00fcchtlingsabwehr und Repression profitabler zu Gestalten. Bosch tritt f\u00fcr den Bullenkongress als Sponsor, Aussteller und Partner auf. Auf dem diesj\u00e4hrigen Bullenkongress wurde sich unter anderem \u00fcber Grenzsicherungsaufgaben durch Frontex informiert. Damit ist Bosch nicht nur Profiteur an der rassistischen Ausbeutungslogik sondern direkt Verantwortlich f\u00fcr Planung und Ausf\u00fchrung und damit f\u00fcr unsere Angriffe ein perfekter Ansprechpartner.<\/p>\n<p>\u201eIn aller Dringlichkeit: Sabotage relevanter Infrastruktur zum Nachteil der Wirtschaft und der Funktionsf\u00e4higkeit der Festung Europa ist das Gebot der Stunde.<\/p>\n<p>Wir rufen zur aktiven Fluchthilfe und Unterbringung illegalisierter Fl\u00fcchtlinge auf.<\/p>\n<p>Wir rufen zu Sabotage aller Formen von milit\u00e4rischer Ausr\u00fcstung und aller Produktion f\u00fcrs Milit\u00e4r auf.<\/p>\n<p>Wir rufen zum Hacken aller milit\u00e4rischer Kommunikationen weltweit auf.<\/p>\n<p>Wir rufen dazu auf, durch gezielte Anschl\u00e4ge auf Nazis und deren Strukturen ihre Kr\u00e4fte zu binden und dadurch Fl\u00fcchtlingen und deren Unterst\u00fctzer_innen den R\u00fccken freizuhalten.<\/p>\n<p>Wir rufen auf zu Anschl\u00e4gen auf alle Beh\u00f6rden, deren Zweck es ist, Menschen nach ihrer wirtschaftlichen Verwendbarkeit zu sortieren und alle \u00dcberfl\u00fcssigen abzuschieben.<\/p>\n<p>Wir rufen auf zu Anschl\u00e4gen auf Infrastruktureinrichtungen aller Art, die Mittel und Zweck sind, die Normalit\u00e4t und Ordnung aufrecht zu erhalten, die den Zusammenhalt und das Funktionieren der Festung Europa nach innen und au\u00dfen garantiert.<\/p>\n<p>Die Festung Europa in ihrer wirtschaftlichen Funktionsf\u00e4higkeit ersch\u00fcttern und sabotierten!<\/p>\n<p>Wir rufen zur subversiven Unterst\u00fctzung dieser Aktivit\u00e4ten und zu Solidarit\u00e4t im Falle von Repression auf.<\/p>\n<p>Wir werden Gefl\u00fcchtete verstecken und gemeinsam neue Orte schaffen, wir werden lernen, diese Orte entschieden zu verteidigen, wir werden L\u00f6cher in die Z\u00e4une schneiden \u2013 konkret und im \u00fcbertragenen Sinne.\u201c (https:\/\/linksunten.indymedia.org\/en\/node\/171533)<br \/>\nSabotage Banden, die das lichtscheue Gesindel in den europ\u00e4ischen Metropolen gr\u00fc\u00dfen<\/p><\/blockquote>\n<p><strong>Quelle<\/strong>: <a href=\"https:\/\/linksunten.indymedia.org\/de\/node\/172632\">Linksunten<\/a><\/p>\n","protected":false},"excerpt":{"rendered":"<p>Berlin, 15. M\u00e4rz 2016 F\u00fcr die Entwicklung des Widerstands gegen das europ\u00e4ische Grenzregime ist zumindest ansatzweise eine Koordinierung der militanten und anarchistischen Gruppen w\u00fcnschenswert. In der Vielzahl der verbreiteten Aufrufe aus dem aufst\u00e4ndischen Milieu hat der Text \u201eFestung Europa sabotieren \u2013 wir schaffen das\u201c, neben anderen auch in der Zeck 190 abgedruckt, f\u00fcr uns eine [&hellip;]<\/p>\n","protected":false},"author":12080,"featured_media":0,"comment_status":"closed","ping_status":"closed","sticky":false,"template":"","format":"standard","meta":{"footnotes":""},"categories":[2],"tags":[24],"class_list":["post-3014","post","type-post","status-publish","format-standard","hentry","category-de","tag-berlin"],"_links":{"self":[{"href":"https:\/\/chronik.noblogs.org\/index.php?rest_route=\/wp\/v2\/posts\/3014","targetHints":{"allow":["GET"]}}],"collection":[{"href":"https:\/\/chronik.noblogs.org\/index.php?rest_route=\/wp\/v2\/posts"}],"about":[{"href":"https:\/\/chronik.noblogs.org\/index.php?rest_route=\/wp\/v2\/types\/post"}],"author":[{"embeddable":true,"href":"https:\/\/chronik.noblogs.org\/index.php?rest_route=\/wp\/v2\/users\/12080"}],"replies":[{"embeddable":true,"href":"https:\/\/chronik.noblogs.org\/index.php?rest_route=%2Fwp%2Fv2%2Fcomments&post=3014"}],"version-history":[{"count":0,"href":"https:\/\/chronik.noblogs.org\/index.php?rest_route=\/wp\/v2\/posts\/3014\/revisions"}],"wp:attachment":[{"href":"https:\/\/chronik.noblogs.org\/index.php?rest_route=%2Fwp%2Fv2%2Fmedia&parent=3014"}],"wp:term":[{"taxonomy":"category","embeddable":true,"href":"https:\/\/chronik.noblogs.org\/index.php?rest_route=%2Fwp%2Fv2%2Fcategories&post=3014"},{"taxonomy":"post_tag","embeddable":true,"href":"https:\/\/chronik.noblogs.org\/index.php?rest_route=%2Fwp%2Fv2%2Ftags&post=3014"}],"curies":[{"name":"wp","href":"https:\/\/api.w.org\/{rel}","templated":true}]}}