{"id":2789,"date":"2016-01-29T00:00:15","date_gmt":"2016-01-28T22:00:15","guid":{"rendered":"http:\/\/chronik.blackblogs.org\/?p=2789"},"modified":"2016-01-29T00:00:15","modified_gmt":"2016-01-28T22:00:15","slug":"vernice-a-casa-di-jan-marco-luczak-cdu","status":"publish","type":"post","link":"https:\/\/chronik.noblogs.org\/?p=2789","title":{"rendered":"Vernice a casa di Jan-Marco Luczak (CDU)"},"content":{"rendered":"<p><strong><a href=\"https:\/\/chronik.blackblogs.org\/wp-content\/uploads\/sites\/109\/2016\/02\/167678.jpg\"><img loading=\"lazy\" decoding=\"async\" class=\"alignright wp-image-2594\" src=\"https:\/\/chronik.blackblogs.org\/wp-content\/uploads\/sites\/109\/2016\/02\/167678-229x300.jpg\" alt=\"167678\" width=\"217\" height=\"284\" srcset=\"https:\/\/chronik.noblogs.org\/files\/2016\/02\/167678-229x300.jpg 229w, https:\/\/chronik.noblogs.org\/files\/2016\/02\/167678-768x1005.jpg 768w, https:\/\/chronik.noblogs.org\/files\/2016\/02\/167678-782x1024.jpg 782w, https:\/\/chronik.noblogs.org\/files\/2016\/02\/167678.jpg 1482w\" sizes=\"auto, (max-width: 217px) 100vw, 217px\" \/><\/a>Berlino (Berlin)<\/strong>, 29 gennaio 2016<\/p>\n<blockquote><p>Lichtenrade. Come informa l&#8217;ufficio di Jan-Marco Luczak (CDU), il 29 gennaio \u00e8 stato commesso \u201eun attentato con la vernice alla casa\u201c del parlamentare federale di Tempelhof-Sch\u00f6neberg, proveniente da Lichtenrade. Luczak vi abita in affitto. Non ci furono dei feriti.<\/p>\n<p>Venerd\u00ec, Jan-Marco Luczak scoprivo il liquido nero ancora fresco molto esteso nell&#8217;entrata e sulla facciata della casa plurifamiliare. Fu chiamata la polizia e la criminale del Land.<br \/>\n<!--more--><br \/>\nSe trattasi di atto per motivi politici e se era, poi, indirizzata a Luczak, non \u00e8 ancora accertato fino alla chiusura redazionale, ma il parlamentare federale palesemente lo pensa e dichiara: \u201eMi piace fare dei dibattiti politici controversi ma con la violenze e i danni materiali si supera un limite. Come parlamentare direttamente eletto sono abituato, oltre alle parole d&#8217;incoraggiamento, anche alla critica dura \u2013 fa parte della democrazia. Lo dimostrano anche i molti commentari d&#8217;odio nelle reti sociali. Gi\u00e0 questo \u00e8 inaccettabile, ma con gli attacchi alla propriet\u00e0 privata a addirittura alla salute si supera una linea rossa. Non mi faccio intimidire, perci\u00f2 non lo accetto e basta. Poich\u00e9 l&#8217;incidente colpisce anche dei cittadini integri che, come io, abitano la casa plurifamiliare come affittuari.\u201c<\/p><\/blockquote>\n<p><strong>Quelle<\/strong>: <a href=\"https:\/\/linksunten.indymedia.org\/node\/167403\">Berliner Woche<\/a>\/ trad. mc<\/p>\n","protected":false},"excerpt":{"rendered":"<p>Berlino (Berlin), 29 gennaio 2016 Lichtenrade. Come informa l&#8217;ufficio di Jan-Marco Luczak (CDU), il 29 gennaio \u00e8 stato commesso \u201eun attentato con la vernice alla casa\u201c del parlamentare federale di Tempelhof-Sch\u00f6neberg, proveniente da Lichtenrade. Luczak vi abita in affitto. Non ci furono dei feriti. Venerd\u00ec, Jan-Marco Luczak scoprivo il liquido nero ancora fresco molto esteso [&hellip;]<\/p>\n","protected":false},"author":12080,"featured_media":0,"comment_status":"closed","ping_status":"closed","sticky":false,"template":"","format":"standard","meta":{"footnotes":""},"categories":[6],"tags":[24],"class_list":["post-2789","post","type-post","status-publish","format-standard","hentry","category-it","tag-berlin"],"_links":{"self":[{"href":"https:\/\/chronik.noblogs.org\/index.php?rest_route=\/wp\/v2\/posts\/2789","targetHints":{"allow":["GET"]}}],"collection":[{"href":"https:\/\/chronik.noblogs.org\/index.php?rest_route=\/wp\/v2\/posts"}],"about":[{"href":"https:\/\/chronik.noblogs.org\/index.php?rest_route=\/wp\/v2\/types\/post"}],"author":[{"embeddable":true,"href":"https:\/\/chronik.noblogs.org\/index.php?rest_route=\/wp\/v2\/users\/12080"}],"replies":[{"embeddable":true,"href":"https:\/\/chronik.noblogs.org\/index.php?rest_route=%2Fwp%2Fv2%2Fcomments&post=2789"}],"version-history":[{"count":0,"href":"https:\/\/chronik.noblogs.org\/index.php?rest_route=\/wp\/v2\/posts\/2789\/revisions"}],"wp:attachment":[{"href":"https:\/\/chronik.noblogs.org\/index.php?rest_route=%2Fwp%2Fv2%2Fmedia&parent=2789"}],"wp:term":[{"taxonomy":"category","embeddable":true,"href":"https:\/\/chronik.noblogs.org\/index.php?rest_route=%2Fwp%2Fv2%2Fcategories&post=2789"},{"taxonomy":"post_tag","embeddable":true,"href":"https:\/\/chronik.noblogs.org\/index.php?rest_route=%2Fwp%2Fv2%2Ftags&post=2789"}],"curies":[{"name":"wp","href":"https:\/\/api.w.org\/{rel}","templated":true}]}}