{"id":2781,"date":"2016-01-27T00:00:55","date_gmt":"2016-01-26T22:00:55","guid":{"rendered":"http:\/\/chronik.blackblogs.org\/?p=2781"},"modified":"2016-01-27T00:00:55","modified_gmt":"2016-01-26T22:00:55","slug":"vernice-a-casa-di-rene-maerzel-baergida","status":"publish","type":"post","link":"https:\/\/chronik.noblogs.org\/?p=2781","title":{"rendered":"Vernice a casa di Rene M\u00e4rzel (B\u00e4rgida)"},"content":{"rendered":"<p><strong>Berlino (Berlin)<\/strong>, 27 gennaio 2016<\/p>\n<blockquote><p>Ieri notte abbiamo meddo alla berlina nel suo vicinato a Rene M\u00e4rzel, domiciliato nella Mahlersdorfstrasse 28 in 15366 H\u00f6nowBrandenburgo, e gli abbiamo lasciato alcuni saluti variopinti sulla casa.<\/p>\n<p>Rene M\u00e4rzel \u00e8 parte integrante delle strutture d&#8217;organizzazione di B\u00e4rgida, si \u00e8 presentato alcune volte come oratore nelle iniziative di B\u00e4rgida e gestisca la pagina facebook \u201eB\u00e4rgida supporters\u201c. Fa riprese video e foto della manifestazione e filma in modo mirato lx contro-dimostranti antifascistx per poi metterlx in rete appositamente per il lavoro anti-antifa.<br \/>\n<!--more--><br \/>\nRene M\u00e4rzel, oltre B\u00e4rgida, ha partecipato a tanti eventi dell&#8217;ambiente di destra a Berlino e Brandenburgo. Cos\u00ec fu avvistato nelle proteste razziste contro i ripari per profughx al Landsberger Tor a Marzahn e appariva nel servizio d&#8217;ordine dell&#8217;iniziativa di destrae della teoria della cospirazione \u201eSturm auf den Reichstag\u201c (attacco al Reichstag) del 09\/05\/15<\/p>\n<p>La Germania come anche quasi tutto il resto d&#8217;Europa vive prpprio ora ritorno fascista e una continua pegidizzazione della societ\u00e0 borghese! Mentre i partifi affermati, da parti dex LINKEN fino alla CDU, tentano di prosciugare la AfD con delle richieste sempre pi\u00f9 crudeli all&#8217;isolamento e alla deportazione di profughx, viviamo quotidianamente\u00a0 degli attacchi di neonazi militanti e della canaglia cittadina contro tutte le persone che non coincidono con la loro visione del mondo, e anche sfilate settimanali di migliaia di razzistx e fasci d&#8217;ogni colore. Contro questa fascistizzazione tendenziale della societ\u00e0 doppiamo opporci e organizzarci. \u00c8 necessario costruire una contundente azione antifascista \u2013 qualcosa che a Berlino ci manca dolorosamente da anni!<\/p>\n<p>L&#8217;alleanza B\u00e4rgida ormai da anni attraversa relativamente indisturbata Berlino e pu\u00f2 cos\u00ec diffondere settimana dopo settimana il suo aizzamento razzista. Le \u201epasseggiate di luned\u00ec\u201c sono per tutto questo un bacino di raccolte per i membri dei partiti di destra e fascisti, per i nazi organizzati, per i hooligan di destra e per teorici della cospirazione. Negli ultimi tempi ci furono dei tentativi di contrastare pi\u00f9 attivamente questo incubo e d&#8217;organizzarsi meglio. Questo ci rallegra molto e crediamo che le azioni antifasciste determinate e militanti contro Pegida e B\u00e4rdida possono essere un inizio promettente per portare l&#8217;antifa all&#8217;offensiva anche a Berlino, forte AfD dobbiamo rivolgergli le nostre attenzioni anche al di fuori sfilate. I nazi e altri fasci hanno degli indirizzi, delle auto, delle bettole d&#8217;ambiente, delle sale d&#8217;iniziativa e posti di lavoro&#8230;<\/p>\n<p>I destra a terra!<\/p>\n<p>Qui una piccola lista di azioni riuscite degli ultimi tempi a Berlino: https:\/\/linksunten.indymedia.org\/de\/node\/166819<\/p><\/blockquote>\n<p><strong>Fonte<\/strong>: Linksunten\/ trad. mc<\/p>\n","protected":false},"excerpt":{"rendered":"<p>Berlino (Berlin), 27 gennaio 2016 Ieri notte abbiamo meddo alla berlina nel suo vicinato a Rene M\u00e4rzel, domiciliato nella Mahlersdorfstrasse 28 in 15366 H\u00f6nowBrandenburgo, e gli abbiamo lasciato alcuni saluti variopinti sulla casa. Rene M\u00e4rzel \u00e8 parte integrante delle strutture d&#8217;organizzazione di B\u00e4rgida, si \u00e8 presentato alcune volte come oratore nelle iniziative di B\u00e4rgida e [&hellip;]<\/p>\n","protected":false},"author":12080,"featured_media":0,"comment_status":"closed","ping_status":"closed","sticky":false,"template":"","format":"standard","meta":{"footnotes":""},"categories":[6],"tags":[24],"class_list":["post-2781","post","type-post","status-publish","format-standard","hentry","category-it","tag-berlin"],"_links":{"self":[{"href":"https:\/\/chronik.noblogs.org\/index.php?rest_route=\/wp\/v2\/posts\/2781","targetHints":{"allow":["GET"]}}],"collection":[{"href":"https:\/\/chronik.noblogs.org\/index.php?rest_route=\/wp\/v2\/posts"}],"about":[{"href":"https:\/\/chronik.noblogs.org\/index.php?rest_route=\/wp\/v2\/types\/post"}],"author":[{"embeddable":true,"href":"https:\/\/chronik.noblogs.org\/index.php?rest_route=\/wp\/v2\/users\/12080"}],"replies":[{"embeddable":true,"href":"https:\/\/chronik.noblogs.org\/index.php?rest_route=%2Fwp%2Fv2%2Fcomments&post=2781"}],"version-history":[{"count":0,"href":"https:\/\/chronik.noblogs.org\/index.php?rest_route=\/wp\/v2\/posts\/2781\/revisions"}],"wp:attachment":[{"href":"https:\/\/chronik.noblogs.org\/index.php?rest_route=%2Fwp%2Fv2%2Fmedia&parent=2781"}],"wp:term":[{"taxonomy":"category","embeddable":true,"href":"https:\/\/chronik.noblogs.org\/index.php?rest_route=%2Fwp%2Fv2%2Fcategories&post=2781"},{"taxonomy":"post_tag","embeddable":true,"href":"https:\/\/chronik.noblogs.org\/index.php?rest_route=%2Fwp%2Fv2%2Ftags&post=2781"}],"curies":[{"name":"wp","href":"https:\/\/api.w.org\/{rel}","templated":true}]}}