{"id":2755,"date":"2016-01-19T00:00:03","date_gmt":"2016-01-18T22:00:03","guid":{"rendered":"http:\/\/chronik.blackblogs.org\/?p=2755"},"modified":"2016-01-19T00:00:03","modified_gmt":"2016-01-18T22:00:03","slug":"vernice-a-abitazione-di-wiebke-muhsal-afd","status":"publish","type":"post","link":"https:\/\/chronik.noblogs.org\/?p=2755","title":{"rendered":"Vernice a abitazione di Wiebke Muhsal (AfD)"},"content":{"rendered":"<p><strong><a href=\"https:\/\/chronik.blackblogs.org\/wp-content\/uploads\/sites\/109\/2016\/01\/WiebkeJenaAfD.jpg\"><img loading=\"lazy\" decoding=\"async\" class=\"alignright size-medium wp-image-2497\" src=\"https:\/\/chronik.blackblogs.org\/wp-content\/uploads\/sites\/109\/2016\/01\/WiebkeJenaAfD-300x225.jpg\" alt=\"WiebkeJenaAfD\" width=\"300\" height=\"225\" srcset=\"https:\/\/chronik.noblogs.org\/files\/2016\/01\/WiebkeJenaAfD-300x225.jpg 300w, https:\/\/chronik.noblogs.org\/files\/2016\/01\/WiebkeJenaAfD-768x576.jpg 768w, https:\/\/chronik.noblogs.org\/files\/2016\/01\/WiebkeJenaAfD-1024x768.jpg 1024w, https:\/\/chronik.noblogs.org\/files\/2016\/01\/WiebkeJenaAfD.jpg 2048w\" sizes=\"auto, (max-width: 300px) 100vw, 300px\" \/><\/a>Jena<\/strong>, 19 gennaio 2016<\/p>\n<blockquote><p>La notte scorsa abbiamo attaccato con la vernice l&#8217;abitazione della funzionara AfD Wiebke Muhsal. La prossima occasione per noi sar\u00e0\u00a0 la manifestazione\/demo della AfD Turingia del 20\/01, con la quale vuole spargere il suo aizzamento razzista anche a Jena. Non lo vogliamo accettare senza commenti. Con quest&#8217;azione diamo un segnale contro una politica populista che proprio con l&#8217;ssociazione di destra del Land di Turingia diretta da Bj\u00f6rn H\u00f6cke mette l&#8217;ala populista\/razzista di destra della AfD assumendo dei connotati quasi fascisti.<\/p>\n<p>Ancora di pi\u00f9 che in altre contrade, a Turingia non esiste nessuna delimitazione nei confronti die neonazi organizzati\u00a0 e predisposti alla violenza. Appena settimana passata, in occasione dello spettacolo settimanale nazionalista AfD e delle contro-proteste, c&#8217;\u00e8 stato un altro brutale attacco dei fasci contro dex antifa alla stazione centrale di Erfurt. Lo stesso giorno sono stati pestati due profughi a Jena Winzerla.<!--more--><br \/>\nMentre lx antifa sono sempre pi\u00f9 criminalizzatx e delegittimatx, i fasci possono agire cos\u00ec indisturbati come da tanto tempo non succedeva pi\u00f9. L&#8217;alleanza tra i discorsi d&#8217;aizzamento in parlamento e la violenza fascista nelle strade quasi non potrebbe essere pi\u00f9 perfetta. La AfD \u00e8 da criticare e combattere in generale in modi diversi. Ma questo, inoltre, vale anche per la politica razzista del governo in generale, che si fa trascinare dai populisti di destra e si mette in mostra con delle esternazioni razziste e autoritarie e delle legislazioni sempre pi\u00f9 estreme.<br \/>\nQuesto non vale di meno per il governo del Land Turingia che impone la stessa politica delle espulsioni, fa criminalizzare le proteste di sinistra e che pare di non avere nessunissima intenzione e capacit\u00e0 di cambiare qualcosa di tutto questo. Con determinazione ci rivolgiamo contro und Partito dex Linken che \u00e8 patria politica di strategie trasversali come quelle di Sahra Wagenknecht \u2013 per nominare solo un esempio di rilievo. La parlamentare dell&#8217;assocuazione circondariale Wiebke Muhsal non \u00e8 estranea a tutto questo, bens\u00ec \u00e8, come presidente della \u201eGiovane Alternativa\u201c, in prima linea quando si tratta di servire i risentimenti e di aizzare in ogni occasione contro lx profughx. Il modo tutto acqua e sapone di presentarsi della Muhsal non pu\u00f2 nascondere che concorre nel spandere voci, nel servire i pregiudizi, nel accennare all&#8217;impiego della violenza e a dare una presunta voce agli idioti totali razzisti. Per queste ragioni speriamo anche noi di sputare nella sua minestra il 20\/01, e anche in quella della sua associazione razzista di merda. &#8211; Ma il tutto con una prospettiva autonoma \u2013 senza il partito di merda dex Linken.<\/p><\/blockquote>\n<p><strong>Quelle<\/strong>: <a href=\"https:\/\/linksunten.indymedia.org\/de\/node\/165834\">Linksunten<\/a>\/ trad. mc, galera Salez<\/p>\n","protected":false},"excerpt":{"rendered":"<p>Jena, 19 gennaio 2016 La notte scorsa abbiamo attaccato con la vernice l&#8217;abitazione della funzionara AfD Wiebke Muhsal. La prossima occasione per noi sar\u00e0\u00a0 la manifestazione\/demo della AfD Turingia del 20\/01, con la quale vuole spargere il suo aizzamento razzista anche a Jena. Non lo vogliamo accettare senza commenti. Con quest&#8217;azione diamo un segnale contro [&hellip;]<\/p>\n","protected":false},"author":12080,"featured_media":0,"comment_status":"closed","ping_status":"closed","sticky":false,"template":"","format":"standard","meta":{"footnotes":""},"categories":[6],"tags":[105],"class_list":["post-2755","post","type-post","status-publish","format-standard","hentry","category-it","tag-jena"],"_links":{"self":[{"href":"https:\/\/chronik.noblogs.org\/index.php?rest_route=\/wp\/v2\/posts\/2755","targetHints":{"allow":["GET"]}}],"collection":[{"href":"https:\/\/chronik.noblogs.org\/index.php?rest_route=\/wp\/v2\/posts"}],"about":[{"href":"https:\/\/chronik.noblogs.org\/index.php?rest_route=\/wp\/v2\/types\/post"}],"author":[{"embeddable":true,"href":"https:\/\/chronik.noblogs.org\/index.php?rest_route=\/wp\/v2\/users\/12080"}],"replies":[{"embeddable":true,"href":"https:\/\/chronik.noblogs.org\/index.php?rest_route=%2Fwp%2Fv2%2Fcomments&post=2755"}],"version-history":[{"count":0,"href":"https:\/\/chronik.noblogs.org\/index.php?rest_route=\/wp\/v2\/posts\/2755\/revisions"}],"wp:attachment":[{"href":"https:\/\/chronik.noblogs.org\/index.php?rest_route=%2Fwp%2Fv2%2Fmedia&parent=2755"}],"wp:term":[{"taxonomy":"category","embeddable":true,"href":"https:\/\/chronik.noblogs.org\/index.php?rest_route=%2Fwp%2Fv2%2Fcategories&post=2755"},{"taxonomy":"post_tag","embeddable":true,"href":"https:\/\/chronik.noblogs.org\/index.php?rest_route=%2Fwp%2Fv2%2Ftags&post=2755"}],"curies":[{"name":"wp","href":"https:\/\/api.w.org\/{rel}","templated":true}]}}