{"id":2694,"date":"2016-02-04T00:00:59","date_gmt":"2016-02-03T22:00:59","guid":{"rendered":"http:\/\/chronik.blackblogs.org\/?p=2694"},"modified":"2016-02-04T00:00:59","modified_gmt":"2016-02-03T22:00:59","slug":"erneut-scheiben-an-afd-geschaeftsstelle-beschaedigt","status":"publish","type":"post","link":"https:\/\/chronik.noblogs.org\/?p=2694","title":{"rendered":"Erneut Scheiben an AfD-Gesch\u00e4ftsstelle besch\u00e4digt"},"content":{"rendered":"<p><strong><a href=\"https:\/\/chronik.blackblogs.org\/wp-content\/uploads\/sites\/109\/2016\/02\/afdkiel.jpg\"><img loading=\"lazy\" decoding=\"async\" class=\"alignright size-medium wp-image-2695\" src=\"https:\/\/chronik.blackblogs.org\/wp-content\/uploads\/sites\/109\/2016\/02\/afdkiel-300x225.jpg\" alt=\"afdkiel\" width=\"300\" height=\"225\" srcset=\"https:\/\/chronik.noblogs.org\/files\/2016\/02\/afdkiel-300x225.jpg 300w, https:\/\/chronik.noblogs.org\/files\/2016\/02\/afdkiel-768x576.jpg 768w, https:\/\/chronik.noblogs.org\/files\/2016\/02\/afdkiel.jpg 1024w\" sizes=\"auto, (max-width: 300px) 100vw, 300px\" \/><\/a>Kiel<\/strong>, 4. Februar 2016<\/p>\n<blockquote><p>In der Nacht zum Donnerstag haben Unbekannte in der Kieler Innenstadt die Landesgesch\u00e4ftsstelle der AfD Schleswig-Holstein am Walkerdamm angegriffen. Dort schlugen die T\u00e4ter auf eine Eingangst\u00fcr ein, bis die Glasscheibe zersprang. Zudem traten sie gegen weitere Fenster, die ebenfalls besch\u00e4digt wurden. Das teilt die Partei am Freitag in einer Pressemitteilung mit.<\/p>\n<p>Erst im Februar 2015 hatten Unbekannte die Gesch\u00e4ftsstelle in Kiel besch\u00e4digt. Damals hatten Unbekannte alle vier gro\u00dfen Fensterscheiben der B\u00fcror\u00e4ume zerst\u00f6rt.<\/p>\n<p>Als Verursacher sieht die AfD rund 80 Linksradikale, die bei einer spontanen Kundgebung gegen die R\u00e4umung und f\u00fcr den Erhalt der Luftschlossfabrik in Flensburg die Parteizentrale angriffen. Matthias Arends, Pressesprecher der Polizei in Kiel, hingegen beschwichtigt: \u201eAus der Gruppe von nur rund 50 Demonstranten ist eine Flasche in Richtung der Parteizentrale geflogen und hat dort in der Tat eine Scheibe besch\u00e4digt.\u201c Von einem Angriff auf das Geb\u00e4ude k\u00f6nne jedoch keine Rede sein. Die Anzeige sei aufgenommen worden, ein T\u00e4ter konnte jedoch bislang nicht ermittelt werden, sagt Arends. Die Polizei habe die Demonstration von Beginn an begleitet.<br \/>\n<!--more--><br \/>\nAuf einer Internetseite des linken Internetportals \u201eIndymedia\u201c ist unterdessen von einem \u201eBesuch bei der AfD-Zentrale im Walkerdamm\u201c die Rede, wo \u201eaus Protest gegen deren menschenverachtende und nationalistische Hetze\u201c Scheiben zerst\u00f6rt wurden. Die AfD bezieht sich in ihrer Pressemitteilung auf diese Meldung.<\/p>\n<p>J\u00f6rg Nobis, stellvertretender Vorsitzender der AfD Schleswig-Holstein, veurteilte den Angriff: \u201eEs handelt sich hierbei nicht nur um sch\u00e4bigen Vandalismus, sondern um die bewusste Unterdr\u00fcckung von politischen Meinungen. Die sogenannten Linksautonomen sind die wahren Feinde der Demokratie und m\u00fcssen von Polizei und Justiz mit voller H\u00e4rte bestraft werden.\u201c<\/p><\/blockquote>\n<p><strong>Quelle<\/strong>: <a href=\"https:\/\/linksunten.indymedia.org\/de\/node\/168218\">SHZ<\/a><\/p>\n<p>&nbsp;<\/p>\n<p><a href=\"https:\/\/linksunten.indymedia.org\/de\/node\/167736\">[Kiel] Spontandemo: Solidarit\u00e4t mit der Luftschlossfabrik<\/a><\/p>\n","protected":false},"excerpt":{"rendered":"<p>Kiel, 4. Februar 2016 In der Nacht zum Donnerstag haben Unbekannte in der Kieler Innenstadt die Landesgesch\u00e4ftsstelle der AfD Schleswig-Holstein am Walkerdamm angegriffen. Dort schlugen die T\u00e4ter auf eine Eingangst\u00fcr ein, bis die Glasscheibe zersprang. Zudem traten sie gegen weitere Fenster, die ebenfalls besch\u00e4digt wurden. Das teilt die Partei am Freitag in einer Pressemitteilung mit. [&hellip;]<\/p>\n","protected":false},"author":12080,"featured_media":0,"comment_status":"closed","ping_status":"closed","sticky":false,"template":"","format":"standard","meta":{"footnotes":""},"categories":[2],"tags":[114],"class_list":["post-2694","post","type-post","status-publish","format-standard","hentry","category-de","tag-kiel"],"_links":{"self":[{"href":"https:\/\/chronik.noblogs.org\/index.php?rest_route=\/wp\/v2\/posts\/2694","targetHints":{"allow":["GET"]}}],"collection":[{"href":"https:\/\/chronik.noblogs.org\/index.php?rest_route=\/wp\/v2\/posts"}],"about":[{"href":"https:\/\/chronik.noblogs.org\/index.php?rest_route=\/wp\/v2\/types\/post"}],"author":[{"embeddable":true,"href":"https:\/\/chronik.noblogs.org\/index.php?rest_route=\/wp\/v2\/users\/12080"}],"replies":[{"embeddable":true,"href":"https:\/\/chronik.noblogs.org\/index.php?rest_route=%2Fwp%2Fv2%2Fcomments&post=2694"}],"version-history":[{"count":0,"href":"https:\/\/chronik.noblogs.org\/index.php?rest_route=\/wp\/v2\/posts\/2694\/revisions"}],"wp:attachment":[{"href":"https:\/\/chronik.noblogs.org\/index.php?rest_route=%2Fwp%2Fv2%2Fmedia&parent=2694"}],"wp:term":[{"taxonomy":"category","embeddable":true,"href":"https:\/\/chronik.noblogs.org\/index.php?rest_route=%2Fwp%2Fv2%2Fcategories&post=2694"},{"taxonomy":"post_tag","embeddable":true,"href":"https:\/\/chronik.noblogs.org\/index.php?rest_route=%2Fwp%2Fv2%2Ftags&post=2694"}],"curies":[{"name":"wp","href":"https:\/\/api.w.org\/{rel}","templated":true}]}}