{"id":2688,"date":"2016-01-04T00:00:23","date_gmt":"2016-01-03T22:00:23","guid":{"rendered":"http:\/\/chronik.blackblogs.org\/?p=2688"},"modified":"2016-01-04T00:00:23","modified_gmt":"2016-01-03T22:00:23","slug":"schuesse-auf-jobcenter","status":"publish","type":"post","link":"https:\/\/chronik.noblogs.org\/?p=2688","title":{"rendered":"Sch\u00fcsse auf Jobcenter"},"content":{"rendered":"<p><strong>Dietzenbach<\/strong>, 4. Januar 2016<\/p>\n<blockquote><p>Wie der Kreis Offenbach mitteilt, wurde auf ein Fenster der Au\u00dfenstelle der Pro Arbeit mit einer Schusswaffe geschossen. Die Tat wurde offenbar w\u00e4hrend des Jahreswechsels begangen.<\/p>\n<p>Ein Fenster im zweiten Stock wurde zweimal getroffen, wobei ein Schaden von zirka 1.000 Euro entstand, teilt die Polizei mit. Wie der Kreis mitteilt sollen die Sch\u00fcsse zwischen Mittwoch, 30. Dezember, 17 Uhr und Montag, 4. Januar, acht Uhr gefallen sein. In dem Geb\u00e4ude waren wegen Betriebsurlaubs keine Personen.<br \/>\n<!--more--><br \/>\n\u201eWir sind entsetzt, ob des Vorfalls in unserer Au\u00dfenstelle\u201c, erkl\u00e4rt Kreisbeigeordneter Carsten M\u00fcller, \u201eden wir sehr ernst nehmen. Wir unterst\u00fctzen die Ermittlungsbeh\u00f6rden, wo immer wir k\u00f6nnen, damit der oder die T\u00e4ter schnell ermittelt werden k\u00f6nnen.\u201c<\/p>\n<p>Die Kriminalpolizei in Offenbach bittet Zeugen, die etwas geh\u00f6rt oder gesehen haben, sich telefonisch unter zu melden. Rund 120 Besch\u00e4ftigte der Pro Arbeit, Kommunales Jobcenter sind in dem B\u00fcrogeb\u00e4ude besch\u00e4ftigt.<\/p><\/blockquote>\n<p><strong>Quelle<\/strong>: <a href=\"http:\/\/www.extratipp.com\/rhein-main\/schuesse-aussenstelle-arbeit-dietzenbach-6009366.html\">extratipp<\/a><\/p>\n<p>&nbsp;<\/p>\n<p>&nbsp;<\/p>\n<p><strong>Polizei<\/strong>:<\/p>\n<blockquote><p>Unbekannte haben in der Albert-Einstein-Stra\u00dfe 30 mit einer Schusswaffe auf ein B\u00fcrogeb\u00e4ude geschossen. Ein Fenster im zweiten Stock wurde zweimal getroffen, wobei ein Schaden von zirka 1.000 Euro entstand. Die Tatzeit liegt zwischen Mittwoch, dem 30.12.2015, 17 Uhr und Montagmorgen, 8 Uhr. In dem Geb\u00e4ude waren wegen Betriebsurlaubs keine Personen. Die Kriminalpolizei in Offenbach bittet Zeugen, die etwas geh\u00f6rt oder gesehen haben, sich unter der Rufnummer\u00a0 zu melden.<\/p><\/blockquote>\n","protected":false},"excerpt":{"rendered":"<p>Dietzenbach, 4. Januar 2016 Wie der Kreis Offenbach mitteilt, wurde auf ein Fenster der Au\u00dfenstelle der Pro Arbeit mit einer Schusswaffe geschossen. Die Tat wurde offenbar w\u00e4hrend des Jahreswechsels begangen. Ein Fenster im zweiten Stock wurde zweimal getroffen, wobei ein Schaden von zirka 1.000 Euro entstand, teilt die Polizei mit. Wie der Kreis mitteilt sollen [&hellip;]<\/p>\n","protected":false},"author":12080,"featured_media":0,"comment_status":"closed","ping_status":"closed","sticky":false,"template":"","format":"standard","meta":{"footnotes":""},"categories":[2],"tags":[49],"class_list":["post-2688","post","type-post","status-publish","format-standard","hentry","category-de","tag-dietzenbach"],"_links":{"self":[{"href":"https:\/\/chronik.noblogs.org\/index.php?rest_route=\/wp\/v2\/posts\/2688","targetHints":{"allow":["GET"]}}],"collection":[{"href":"https:\/\/chronik.noblogs.org\/index.php?rest_route=\/wp\/v2\/posts"}],"about":[{"href":"https:\/\/chronik.noblogs.org\/index.php?rest_route=\/wp\/v2\/types\/post"}],"author":[{"embeddable":true,"href":"https:\/\/chronik.noblogs.org\/index.php?rest_route=\/wp\/v2\/users\/12080"}],"replies":[{"embeddable":true,"href":"https:\/\/chronik.noblogs.org\/index.php?rest_route=%2Fwp%2Fv2%2Fcomments&post=2688"}],"version-history":[{"count":0,"href":"https:\/\/chronik.noblogs.org\/index.php?rest_route=\/wp\/v2\/posts\/2688\/revisions"}],"wp:attachment":[{"href":"https:\/\/chronik.noblogs.org\/index.php?rest_route=%2Fwp%2Fv2%2Fmedia&parent=2688"}],"wp:term":[{"taxonomy":"category","embeddable":true,"href":"https:\/\/chronik.noblogs.org\/index.php?rest_route=%2Fwp%2Fv2%2Fcategories&post=2688"},{"taxonomy":"post_tag","embeddable":true,"href":"https:\/\/chronik.noblogs.org\/index.php?rest_route=%2Fwp%2Fv2%2Ftags&post=2688"}],"curies":[{"name":"wp","href":"https:\/\/api.w.org\/{rel}","templated":true}]}}