{"id":2650,"date":"2016-02-08T00:00:47","date_gmt":"2016-02-07T22:00:47","guid":{"rendered":"http:\/\/chronik.blackblogs.org\/?p=2650"},"modified":"2016-02-08T00:00:47","modified_gmt":"2016-02-07T22:00:47","slug":"buttersaeureanschlag-auf-haus-montag-der-npd","status":"publish","type":"post","link":"https:\/\/chronik.noblogs.org\/?p=2650","title":{"rendered":"Butters\u00e4ureanschlag auf \u201eHaus Montag\u201c der NPD"},"content":{"rendered":"<p><strong><a href=\"https:\/\/chronik.blackblogs.org\/wp-content\/uploads\/sites\/109\/2016\/02\/168397.jpg\"><img loading=\"lazy\" decoding=\"async\" class=\"alignright size-medium wp-image-2651\" src=\"https:\/\/chronik.blackblogs.org\/wp-content\/uploads\/sites\/109\/2016\/02\/168397-300x200.jpg\" alt=\"168397\" width=\"300\" height=\"200\" srcset=\"https:\/\/chronik.noblogs.org\/files\/2016\/02\/168397-300x200.jpg 300w, https:\/\/chronik.noblogs.org\/files\/2016\/02\/168397-768x512.jpg 768w, https:\/\/chronik.noblogs.org\/files\/2016\/02\/168397.jpg 800w\" sizes=\"auto, (max-width: 300px) 100vw, 300px\" \/><\/a>Pirna<\/strong>, 8. Februar 2016<\/p>\n<blockquote><p>Auf das sogenannte \u201eHaus Montag\u201c in Pirna\u2013Copitz wurde in der Nacht zum Montag ein S\u00e4ureanschlag ver\u00fcbt. Das Geb\u00e4ude ist Sitz und Gesch\u00e4ftsstelle vom Kreisverband S\u00e4chsische Schweiz-Osterzgebirge der rechtsextremen NPD und der Kreistagsfraktion.<\/p>\n<p>Bislang noch unbekannte T\u00e4ter hatten ein doppelwandiges Fenster an der Hofseite des Flachbaues zerst\u00f6rt, eine Scheibe ging zu Bruch.<br \/>\n<!--more--><br \/>\nDer dahinterliegende Fensterschutz wurde durchbohrt und durch das Loch mit einem Feuerl\u00f6scher vermutlich Butters\u00e4ure in den Raum gespr\u00fcht.<\/p>\n<p>Die Chemikalie, die einen unangenehmen Geruch von Erbrochenem, ranziger Butter oder faulen Eiern verbreitet, verteilte sich auf dem Fu\u00dfboden, M\u00f6beln, Technik und der Wand im Aufenthaltsraum.<\/p>\n<p>In den R\u00e4umen entstand ein \u00fcbelriechender Gestank. Der Anschlag war gegen 9.30 Uhr bemerkt worden. Die Kriminalpolizei hat die Ermittlungen zu dem Anschlag aufgenommen.<\/p>\n<p>Kriminaltechniker der Polizei sicherten am Vormittag Spuren. Die Ermittler stellten den Feuerl\u00f6scher und anderes Beweismaterial sicher.<\/p><\/blockquote>\n<p><strong>Quelle<\/strong>: <a href=\"https:\/\/linksunten.indymedia.org\/de\/node\/168396\">Mopo24<\/a><\/p>\n","protected":false},"excerpt":{"rendered":"<p>Pirna, 8. Februar 2016 Auf das sogenannte \u201eHaus Montag\u201c in Pirna\u2013Copitz wurde in der Nacht zum Montag ein S\u00e4ureanschlag ver\u00fcbt. Das Geb\u00e4ude ist Sitz und Gesch\u00e4ftsstelle vom Kreisverband S\u00e4chsische Schweiz-Osterzgebirge der rechtsextremen NPD und der Kreistagsfraktion. Bislang noch unbekannte T\u00e4ter hatten ein doppelwandiges Fenster an der Hofseite des Flachbaues zerst\u00f6rt, eine Scheibe ging zu Bruch.<\/p>\n","protected":false},"author":12080,"featured_media":0,"comment_status":"closed","ping_status":"closed","sticky":false,"template":"","format":"standard","meta":{"footnotes":""},"categories":[2],"tags":[163],"class_list":["post-2650","post","type-post","status-publish","format-standard","hentry","category-de","tag-pirna"],"_links":{"self":[{"href":"https:\/\/chronik.noblogs.org\/index.php?rest_route=\/wp\/v2\/posts\/2650","targetHints":{"allow":["GET"]}}],"collection":[{"href":"https:\/\/chronik.noblogs.org\/index.php?rest_route=\/wp\/v2\/posts"}],"about":[{"href":"https:\/\/chronik.noblogs.org\/index.php?rest_route=\/wp\/v2\/types\/post"}],"author":[{"embeddable":true,"href":"https:\/\/chronik.noblogs.org\/index.php?rest_route=\/wp\/v2\/users\/12080"}],"replies":[{"embeddable":true,"href":"https:\/\/chronik.noblogs.org\/index.php?rest_route=%2Fwp%2Fv2%2Fcomments&post=2650"}],"version-history":[{"count":0,"href":"https:\/\/chronik.noblogs.org\/index.php?rest_route=\/wp\/v2\/posts\/2650\/revisions"}],"wp:attachment":[{"href":"https:\/\/chronik.noblogs.org\/index.php?rest_route=%2Fwp%2Fv2%2Fmedia&parent=2650"}],"wp:term":[{"taxonomy":"category","embeddable":true,"href":"https:\/\/chronik.noblogs.org\/index.php?rest_route=%2Fwp%2Fv2%2Fcategories&post=2650"},{"taxonomy":"post_tag","embeddable":true,"href":"https:\/\/chronik.noblogs.org\/index.php?rest_route=%2Fwp%2Fv2%2Ftags&post=2650"}],"curies":[{"name":"wp","href":"https:\/\/api.w.org\/{rel}","templated":true}]}}