{"id":2647,"date":"2016-02-08T00:00:29","date_gmt":"2016-02-07T22:00:29","guid":{"rendered":"http:\/\/chronik.blackblogs.org\/?p=2647"},"modified":"2016-02-08T00:00:29","modified_gmt":"2016-02-07T22:00:29","slug":"nazi-angegriffen","status":"publish","type":"post","link":"https:\/\/chronik.noblogs.org\/?p=2647","title":{"rendered":"Nazi angegriffen"},"content":{"rendered":"<p><strong><a href=\"https:\/\/chronik.blackblogs.org\/wp-content\/uploads\/sites\/109\/2016\/02\/168387.jpg\"><img loading=\"lazy\" decoding=\"async\" class=\"alignright size-medium wp-image-2648\" src=\"https:\/\/chronik.blackblogs.org\/wp-content\/uploads\/sites\/109\/2016\/02\/168387-300x248.jpg\" alt=\"168387\" width=\"300\" height=\"248\" srcset=\"https:\/\/chronik.noblogs.org\/files\/2016\/02\/168387-300x248.jpg 300w, https:\/\/chronik.noblogs.org\/files\/2016\/02\/168387.jpg 720w\" sizes=\"auto, (max-width: 300px) 100vw, 300px\" \/><\/a>Berlin<\/strong>, 8. Februar 2016<\/p>\n<blockquote><p>Am Platz der Vereinten Nationen soll ein Mann am\u00a0Montagnachmittag von drei Vermummten geschlagen worden sein. Das Opfer geh\u00f6rt nach eigenem Bekunden zur &#8220;rechten Szene.&#8221;<\/p>\n<p>Ein 37 Jahre alter Mann ist nach eigenem Bekunden am Montagnachmittag in Friedrichshain von drei vermummten Schl\u00e4gern \u00fcberfallen worden. Der Mann rief die Polizei gegen 17.50 Uhr zum Platz der Vereinten Nationen. Er sei auf dem B\u00fcrgersteig von drei Maskierten angegriffen und geschlagen worden; anschlie\u00dfend h\u00e4tten ihm die Angreifer noch eine Fl\u00fcssigkeit ins Gesicht gespr\u00fcht und seien zu Fu\u00df in verschiedene Richtungen gefl\u00fcchtet. Ob es sich bei der Fl\u00fcssigkeit um Reizgas handelte, konnte die Polizei am Dienstag noch nicht sagen.<br \/>\n<!--more--><br \/>\nDer \u00dcberfallene sagte den Ermittlern, er sei Mitglied der &#8220;rechten Szene&#8221;, ein Bild von ihm sei im Internet ver\u00f6ffentlicht worden. M\u00f6glich scheint, dass Linksextremisten den Mann gezielt \u00fcberfielen &#8211; immer wieder kommt es in Friedrichshain zu gewaltt\u00e4tigen \u00dcbergriffen auf politische Gegner.<\/p>\n<p>Die Polizei geht derzeit von einer politisch motivierten Tat aus und hat den Polizeilichen Staatsschutz mit der Suche nach den Schl\u00e4gern betraut. Ermittelt wird wegen gef\u00e4hrlicher K\u00f6rperverletzung.<\/p>\n<p>Der 37-J\u00e4hrige wurde vor Ort ambulant behandelt, verzichtete aber darauf, ins Krankenhaus gebracht zu werden.<\/p><\/blockquote>\n<p><strong>Quelle<\/strong>: <a href=\"https:\/\/linksunten.indymedia.org\/de\/node\/168381\">Linksunten<\/a><\/p>\n","protected":false},"excerpt":{"rendered":"<p>Berlin, 8. Februar 2016 Am Platz der Vereinten Nationen soll ein Mann am\u00a0Montagnachmittag von drei Vermummten geschlagen worden sein. Das Opfer geh\u00f6rt nach eigenem Bekunden zur &#8220;rechten Szene.&#8221; Ein 37 Jahre alter Mann ist nach eigenem Bekunden am Montagnachmittag in Friedrichshain von drei vermummten Schl\u00e4gern \u00fcberfallen worden. Der Mann rief die Polizei gegen 17.50 Uhr [&hellip;]<\/p>\n","protected":false},"author":12080,"featured_media":0,"comment_status":"closed","ping_status":"closed","sticky":false,"template":"","format":"standard","meta":{"footnotes":""},"categories":[2],"tags":[24],"class_list":["post-2647","post","type-post","status-publish","format-standard","hentry","category-de","tag-berlin"],"_links":{"self":[{"href":"https:\/\/chronik.noblogs.org\/index.php?rest_route=\/wp\/v2\/posts\/2647","targetHints":{"allow":["GET"]}}],"collection":[{"href":"https:\/\/chronik.noblogs.org\/index.php?rest_route=\/wp\/v2\/posts"}],"about":[{"href":"https:\/\/chronik.noblogs.org\/index.php?rest_route=\/wp\/v2\/types\/post"}],"author":[{"embeddable":true,"href":"https:\/\/chronik.noblogs.org\/index.php?rest_route=\/wp\/v2\/users\/12080"}],"replies":[{"embeddable":true,"href":"https:\/\/chronik.noblogs.org\/index.php?rest_route=%2Fwp%2Fv2%2Fcomments&post=2647"}],"version-history":[{"count":0,"href":"https:\/\/chronik.noblogs.org\/index.php?rest_route=\/wp\/v2\/posts\/2647\/revisions"}],"wp:attachment":[{"href":"https:\/\/chronik.noblogs.org\/index.php?rest_route=%2Fwp%2Fv2%2Fmedia&parent=2647"}],"wp:term":[{"taxonomy":"category","embeddable":true,"href":"https:\/\/chronik.noblogs.org\/index.php?rest_route=%2Fwp%2Fv2%2Fcategories&post=2647"},{"taxonomy":"post_tag","embeddable":true,"href":"https:\/\/chronik.noblogs.org\/index.php?rest_route=%2Fwp%2Fv2%2Ftags&post=2647"}],"curies":[{"name":"wp","href":"https:\/\/api.w.org\/{rel}","templated":true}]}}