{"id":2631,"date":"2016-02-05T00:00:33","date_gmt":"2016-02-04T22:00:33","guid":{"rendered":"http:\/\/chronik.blackblogs.org\/?p=2631"},"modified":"2016-02-05T00:00:33","modified_gmt":"2016-02-04T22:00:33","slug":"buero-von-pegida-redner-angegriffen","status":"publish","type":"post","link":"https:\/\/chronik.noblogs.org\/?p=2631","title":{"rendered":"B\u00fcro von Pegida-Redner angegriffen"},"content":{"rendered":"<p><strong><a href=\"https:\/\/chronik.blackblogs.org\/wp-content\/uploads\/sites\/109\/2016\/02\/PeterWillweberDresden.jpg\"><img loading=\"lazy\" decoding=\"async\" class=\"alignright size-medium wp-image-2632\" src=\"https:\/\/chronik.blackblogs.org\/wp-content\/uploads\/sites\/109\/2016\/02\/PeterWillweberDresden-300x200.jpg\" alt=\"Peter Willweber\" width=\"300\" height=\"200\" srcset=\"https:\/\/chronik.noblogs.org\/files\/2016\/02\/PeterWillweberDresden-300x200.jpg 300w, https:\/\/chronik.noblogs.org\/files\/2016\/02\/PeterWillweberDresden-768x512.jpg 768w, https:\/\/chronik.noblogs.org\/files\/2016\/02\/PeterWillweberDresden.jpg 800w\" sizes=\"auto, (max-width: 300px) 100vw, 300px\" \/><\/a>Dresden<\/strong>, 5. Februar 2016<\/p>\n<blockquote>\n<p>Hey Peter Willweber a.k.a. Willy, du gottverdammtes Arschloch!<br \/>\n&#8220;Wer einmal hetzt dem glaubt man nicht, auch wenn er mit den Medien spricht.&#8221; Achso, klar, Medien hei\u00dfen bei euch ja &#8220;L\u00fcgenpresse&#8221;.<\/p>\n<p>Du bist also achso kritisch und gehst nur noch ab und an zu PEGIDA? Und selbst wenn: Einmal PEGIDA ist einmal zu viel! Halt also einfach dein Maul. Dein Gew\u00e4sch glaubst du dir doch selbst nicht mal! Bevor wir es vergessen, du hast ganz recht, wir wollten dich politisch abstrafen (Mopo berichtete). Du sollst nicht denken, dass du in unserem Viertel sicher bist, auch nach einem Jahr nicht. Wir wissen noch ganz genau, dass du Redner beim allmontaglichen Volksmob warst. Du hast es doch genossen, oder? Endlich mal raus aus der Ein\u00f6de der kleinb\u00fcrgerlichen Existenz. Endlich mal richtig hetzen. Endlich mal ein kleiner Hitler sein d\u00fcrfen &#8211; und dazu bist du noch ein recht erfolgloser Maler (Zwinkersmiley an). Und jetzt sollen wir alles wieder vergessen? Friede, Freude, Eierkuchen?<\/p>\n<p>Kannst du abhaken: Wir sind wie Elefanten (um genauer zu sein Antifant*innen) &#8211; wir vergessen nicht. Und nun hast du den ersten Teil der Rechnung bekommen. Wir haben gezeigt was wir von Rassistenschweinen wie dir halten. Mach deinen Laden dicht! Deine schei\u00df Gentrifizierungs-Wohnungsb\u00f6rse &#8220;Home Company&#8221; geh\u00f6rt, genau wie deine braunen Einstellungen, auf den M\u00fcllhaufen der Geschichte.<\/p>\n<p>Also tu dir den Gefallen und verpiss dich von hier, bevor wir dich noch pers\u00f6nlich besuchen m\u00fcssen! Da wird dir deine k\u00e4mpferische Pose im Schaufenster auch nichts n\u00fctzen. Wie sagt der sog. Volksmund doch so sch\u00f6n: &#8220;Noch nen Spruch Kieferbruch&#8221; auch ne Wahrheit und die wird man ja wohl noch sagen d\u00fcrfen.<\/p>\n<p>Verachtungsvoll,<\/p>\n<p>Antifa e.V.<\/p>\n<\/blockquote>\n<p><strong>Quelle<\/strong>: <a href=\"https:\/\/linksunten.indymedia.org\/de\/node\/168624\">Linksunten<\/a><\/p>\n<p>Presse:<br \/>\n<strong>Mopo24<\/strong>: <a href=\"https:\/\/mopo24.de\/nachrichten\/buero-in-dresdner-neustadt-ueberfallen-und-demoliert-45627\">B\u00fcro in Dresdner Neustadt \u00fcberfallen und verw\u00fcstet<\/a><\/p>\n","protected":false},"excerpt":{"rendered":"<p>Dresden, 5. Februar 2016 Hey Peter Willweber a.k.a. Willy, du gottverdammtes Arschloch! &#8220;Wer einmal hetzt dem glaubt man nicht, auch wenn er mit den Medien spricht.&#8221; Achso, klar, Medien hei\u00dfen bei euch ja &#8220;L\u00fcgenpresse&#8221;. Du bist also achso kritisch und gehst nur noch ab und an zu PEGIDA? Und selbst wenn: Einmal PEGIDA ist einmal [&hellip;]<\/p>\n","protected":false},"author":12080,"featured_media":0,"comment_status":"closed","ping_status":"closed","sticky":false,"template":"","format":"standard","meta":{"footnotes":""},"categories":[2],"tags":[52],"class_list":["post-2631","post","type-post","status-publish","format-standard","hentry","category-de","tag-dresden"],"_links":{"self":[{"href":"https:\/\/chronik.noblogs.org\/index.php?rest_route=\/wp\/v2\/posts\/2631","targetHints":{"allow":["GET"]}}],"collection":[{"href":"https:\/\/chronik.noblogs.org\/index.php?rest_route=\/wp\/v2\/posts"}],"about":[{"href":"https:\/\/chronik.noblogs.org\/index.php?rest_route=\/wp\/v2\/types\/post"}],"author":[{"embeddable":true,"href":"https:\/\/chronik.noblogs.org\/index.php?rest_route=\/wp\/v2\/users\/12080"}],"replies":[{"embeddable":true,"href":"https:\/\/chronik.noblogs.org\/index.php?rest_route=%2Fwp%2Fv2%2Fcomments&post=2631"}],"version-history":[{"count":0,"href":"https:\/\/chronik.noblogs.org\/index.php?rest_route=\/wp\/v2\/posts\/2631\/revisions"}],"wp:attachment":[{"href":"https:\/\/chronik.noblogs.org\/index.php?rest_route=%2Fwp%2Fv2%2Fmedia&parent=2631"}],"wp:term":[{"taxonomy":"category","embeddable":true,"href":"https:\/\/chronik.noblogs.org\/index.php?rest_route=%2Fwp%2Fv2%2Fcategories&post=2631"},{"taxonomy":"post_tag","embeddable":true,"href":"https:\/\/chronik.noblogs.org\/index.php?rest_route=%2Fwp%2Fv2%2Ftags&post=2631"}],"curies":[{"name":"wp","href":"https:\/\/api.w.org\/{rel}","templated":true}]}}