{"id":2614,"date":"2016-01-31T00:00:11","date_gmt":"2016-01-30T22:00:11","guid":{"rendered":"http:\/\/chronik.blackblogs.org\/?p=2614"},"modified":"2016-01-31T00:00:11","modified_gmt":"2016-01-30T22:00:11","slug":"scheiben-von-afd-buero-eingeworfen-2","status":"publish","type":"post","link":"https:\/\/chronik.noblogs.org\/?p=2614","title":{"rendered":"Scheiben von AfD-B\u00fcro eingeworfen"},"content":{"rendered":"<p><strong>Seelow<\/strong>, 31. Januar 2016<\/p>\n<blockquote><p>Die Fensterscheiben des AfD-B\u00fcrgerb\u00fcros in Seelow (M\u00e4rkisch-Oderland) sind in der Nacht zu Sonntag besch\u00e4digt worden. Es werde wegen Sachbesch\u00e4digung ermittelt, sagte ein Sprecher der Polizeiinspektion M\u00e4rkisch-Oderland am Sonntag. Der Sachschaden liege bei etwa 800 Euro. Nach Angaben des AfD-Landtagsabgeordneten Franz Wiese gingen Scheiben zu Bruch. Eingebrochen wurde aber nicht, da das B\u00fcro mit doppeltem Sicherheitsglas gesch\u00fctzt ist.<\/p><\/blockquote>\n<p><strong>Quelle<\/strong>: <a href=\"http:\/\/www.welt.de\/regionales\/berlin\/article151689641\/Fensterscheiben-von-AfD-Buero-beschaedigt.html\">Welt<\/a><\/p>\n","protected":false},"excerpt":{"rendered":"<p>Seelow, 31. Januar 2016 Die Fensterscheiben des AfD-B\u00fcrgerb\u00fcros in Seelow (M\u00e4rkisch-Oderland) sind in der Nacht zu Sonntag besch\u00e4digt worden. Es werde wegen Sachbesch\u00e4digung ermittelt, sagte ein Sprecher der Polizeiinspektion M\u00e4rkisch-Oderland am Sonntag. Der Sachschaden liege bei etwa 800 Euro. Nach Angaben des AfD-Landtagsabgeordneten Franz Wiese gingen Scheiben zu Bruch. Eingebrochen wurde aber nicht, da das [&hellip;]<\/p>\n","protected":false},"author":12080,"featured_media":0,"comment_status":"closed","ping_status":"closed","sticky":false,"template":"","format":"standard","meta":{"footnotes":""},"categories":[2],"tags":[188],"class_list":["post-2614","post","type-post","status-publish","format-standard","hentry","category-de","tag-seelow"],"_links":{"self":[{"href":"https:\/\/chronik.noblogs.org\/index.php?rest_route=\/wp\/v2\/posts\/2614","targetHints":{"allow":["GET"]}}],"collection":[{"href":"https:\/\/chronik.noblogs.org\/index.php?rest_route=\/wp\/v2\/posts"}],"about":[{"href":"https:\/\/chronik.noblogs.org\/index.php?rest_route=\/wp\/v2\/types\/post"}],"author":[{"embeddable":true,"href":"https:\/\/chronik.noblogs.org\/index.php?rest_route=\/wp\/v2\/users\/12080"}],"replies":[{"embeddable":true,"href":"https:\/\/chronik.noblogs.org\/index.php?rest_route=%2Fwp%2Fv2%2Fcomments&post=2614"}],"version-history":[{"count":0,"href":"https:\/\/chronik.noblogs.org\/index.php?rest_route=\/wp\/v2\/posts\/2614\/revisions"}],"wp:attachment":[{"href":"https:\/\/chronik.noblogs.org\/index.php?rest_route=%2Fwp%2Fv2%2Fmedia&parent=2614"}],"wp:term":[{"taxonomy":"category","embeddable":true,"href":"https:\/\/chronik.noblogs.org\/index.php?rest_route=%2Fwp%2Fv2%2Fcategories&post=2614"},{"taxonomy":"post_tag","embeddable":true,"href":"https:\/\/chronik.noblogs.org\/index.php?rest_route=%2Fwp%2Fv2%2Ftags&post=2614"}],"curies":[{"name":"wp","href":"https:\/\/api.w.org\/{rel}","templated":true}]}}