{"id":2607,"date":"2016-01-29T00:00:20","date_gmt":"2016-01-28T22:00:20","guid":{"rendered":"http:\/\/chronik.blackblogs.org\/?p=2607"},"modified":"2016-01-29T00:00:20","modified_gmt":"2016-01-28T22:00:20","slug":"auto-von-fascho-der-volksbewegung-nordthueringen-abgefackelt","status":"publish","type":"post","link":"https:\/\/chronik.noblogs.org\/?p=2607","title":{"rendered":"Auto von Fascho der &#8220;Volksbewegung Nordth\u00fcringen&#8221; abgefackelt"},"content":{"rendered":"<p><strong><a href=\"https:\/\/chronik.blackblogs.org\/wp-content\/uploads\/sites\/109\/2016\/02\/167231.jpg\"><img loading=\"lazy\" decoding=\"async\" class=\"alignright size-medium wp-image-2608\" src=\"https:\/\/chronik.blackblogs.org\/wp-content\/uploads\/sites\/109\/2016\/02\/167231-300x138.jpg\" alt=\"167231\" width=\"300\" height=\"138\" srcset=\"https:\/\/chronik.noblogs.org\/files\/2016\/02\/167231-300x138.jpg 300w, https:\/\/chronik.noblogs.org\/files\/2016\/02\/167231.jpg 614w\" sizes=\"auto, (max-width: 300px) 100vw, 300px\" \/><\/a>Nordhausen<\/strong>, 29. Januar 2016<\/p>\n<blockquote><p>In Nordhausen ist ein offenbar politisch motivierter Brandanschlag auf ein Auto ver\u00fcbt worden. Wie die Polizei am Sonnabend mitteilte, geh\u00f6rte das Fahrzeug einem 46 Jahre alten Mann aus Sachsen-Anhalt, der eine Veranstaltung der &#8220;Volksbewegung Nordth\u00fcringen&#8221; besucht hatte. An dem sechs Jahre alten Jaguar sei Totalschaden entstanden, der auf 20.000 Euro zu beziffern sei. Zeugen h\u00e4tten am Freitagabend zwei dunkel gekleidete M\u00e4nner beobachtet, die eine Seitenscheibe des Fahrzeugs eingeschlagen und einen Kanister ins Innere geworfen h\u00e4tten. Die beiden M\u00e4nner seien \u00fcber den Hof einer angrenzenden Grundschule gefl\u00fcchtet.<br \/>\n<!--more--><br \/>\nGegen die Veranstaltung war nach Darstellung der Polizei zuvor im Internet zu Protesten aufgerufen worden. Au\u00dferdem h\u00e4tten &#8220;Angeh\u00f6rige der linken Szene&#8221; Flyer in Nordhausen verteilt. Die Polizei erkl\u00e4rte in ihrer Pressemitteilung zu dem Brandanschlag: &#8220;Es ist zu vermuten, dass die T\u00e4ter aus den Reihen der Veranstaltungsgegner kommen&#8221;.<\/p>\n<p>45 Teilnehmer bei Veranstaltung<\/p>\n<p>An der Veranstaltung in Nordhausen am Freitagabend nahmen nach Polizeiangaben rund 45 Personen teil. Nach Informationen der &#8220;Th\u00fcringer Allgemeinen&#8221; waren nur geladene G\u00e4ste zugelassen. Die Zeitung berichtet, die &#8220;Volksbewegung&#8221; habe die Teilnahme eines Redakteurs abgelehnt. Begr\u00fcndet worden sei dies mit einer negativen Berichterstattung im Vorfeld.<\/p>\n<p>Die &#8220;Volksbewegung Nordth\u00fcringen&#8221; vertritt auf ihrer Internetseite nationalistische und fremdenfeindliche Ziele wie ein sch\u00e4rferes Asylrecht und ein Ende einer angeblichen Islamisierung und von &#8220;Multikulti&#8221;, &#8220;Tugendwahn&#8221; und &#8220;Meinungsdiktatur&#8221;. Die Initiative hat in Nordth\u00fcringen mehrfach Demonstrationen organisiert, an denen jeweils 200 bis 300 Menschen teilgenommen haben. Viele der Teilnehmer waren dem organisierten rechtsextremen Spektrum zuzuordnen.<\/p>\n<p>Innenministerium: Verfassungsschutz beobachtet &#8220;Volksbewegung&#8221;<\/p>\n<p>Die &#8220;Volksbewegung Nordth\u00fcringen&#8221; wird nach Darstellung des Th\u00fcringer Innenministeriums vom Verfassungsschutz des Freistaats beobachtet. Das geht aus der Antwort des Ministeriums auf eine parlamentarische Anfrage des CDU-Landtagsabgeordneten Raymond Walk hervor, die MDR TH\u00dcRINGEN vorliegt. In der Antwort hei\u00dft es au\u00dferdem, die &#8220;Volksbewegung&#8221; sei ein loser Zusammenschluss von etwa 20 Personen aus der Region. Als Kopf der Gruppierung werde ein langj\u00e4hriger Angeh\u00f6riger der rechtsextremistischen Szene aus der Region Nordhausen angesehen. Bisher seien keine Straftaten oder Ordnungswidrigkeiten durch die Gruppierung registriert worden.<\/p><\/blockquote>\n<p><strong>Quelle<\/strong>: <a href=\"https:\/\/linksunten.indymedia.org\/en\/node\/167321\">MDR<\/a><\/p>\n<p>&nbsp;<\/p>\n<p>&nbsp;<\/p>\n<p>Presse:<br \/>\n<strong>NZZ<\/strong>: <a href=\"https:\/\/linksunten.indymedia.org\/en\/node\/167230\">Brandanschlag in Nordhausen-Salza<\/a><br \/>\n&nbsp;<\/p>\n","protected":false},"excerpt":{"rendered":"<p>Nordhausen, 29. Januar 2016 In Nordhausen ist ein offenbar politisch motivierter Brandanschlag auf ein Auto ver\u00fcbt worden. Wie die Polizei am Sonnabend mitteilte, geh\u00f6rte das Fahrzeug einem 46 Jahre alten Mann aus Sachsen-Anhalt, der eine Veranstaltung der &#8220;Volksbewegung Nordth\u00fcringen&#8221; besucht hatte. An dem sechs Jahre alten Jaguar sei Totalschaden entstanden, der auf 20.000 Euro zu [&hellip;]<\/p>\n","protected":false},"author":12080,"featured_media":0,"comment_status":"closed","ping_status":"closed","sticky":false,"template":"","format":"standard","meta":{"footnotes":""},"categories":[2],"tags":[152],"class_list":["post-2607","post","type-post","status-publish","format-standard","hentry","category-de","tag-nordhausen"],"_links":{"self":[{"href":"https:\/\/chronik.noblogs.org\/index.php?rest_route=\/wp\/v2\/posts\/2607","targetHints":{"allow":["GET"]}}],"collection":[{"href":"https:\/\/chronik.noblogs.org\/index.php?rest_route=\/wp\/v2\/posts"}],"about":[{"href":"https:\/\/chronik.noblogs.org\/index.php?rest_route=\/wp\/v2\/types\/post"}],"author":[{"embeddable":true,"href":"https:\/\/chronik.noblogs.org\/index.php?rest_route=\/wp\/v2\/users\/12080"}],"replies":[{"embeddable":true,"href":"https:\/\/chronik.noblogs.org\/index.php?rest_route=%2Fwp%2Fv2%2Fcomments&post=2607"}],"version-history":[{"count":0,"href":"https:\/\/chronik.noblogs.org\/index.php?rest_route=\/wp\/v2\/posts\/2607\/revisions"}],"wp:attachment":[{"href":"https:\/\/chronik.noblogs.org\/index.php?rest_route=%2Fwp%2Fv2%2Fmedia&parent=2607"}],"wp:term":[{"taxonomy":"category","embeddable":true,"href":"https:\/\/chronik.noblogs.org\/index.php?rest_route=%2Fwp%2Fv2%2Fcategories&post=2607"},{"taxonomy":"post_tag","embeddable":true,"href":"https:\/\/chronik.noblogs.org\/index.php?rest_route=%2Fwp%2Fv2%2Ftags&post=2607"}],"curies":[{"name":"wp","href":"https:\/\/api.w.org\/{rel}","templated":true}]}}