{"id":2548,"date":"2016-01-27T01:00:27","date_gmt":"2016-01-26T23:00:27","guid":{"rendered":"http:\/\/chronik.blackblogs.org\/?p=2548"},"modified":"2016-01-27T01:00:27","modified_gmt":"2016-01-26T23:00:27","slug":"bundeswehr-auto-abgefackelt","status":"publish","type":"post","link":"https:\/\/chronik.noblogs.org\/?p=2548","title":{"rendered":"Bundeswehr-Auto abgefackelt"},"content":{"rendered":"<p><strong><a href=\"https:\/\/chronik.blackblogs.org\/wp-content\/uploads\/sites\/109\/2016\/01\/166929.jpg\"><img loading=\"lazy\" decoding=\"async\" class=\"alignright size-medium wp-image-2549\" src=\"https:\/\/chronik.blackblogs.org\/wp-content\/uploads\/sites\/109\/2016\/01\/166929-300x150.jpg\" alt=\"166929\" width=\"300\" height=\"150\" srcset=\"https:\/\/chronik.noblogs.org\/files\/2016\/01\/166929-300x150.jpg 300w, https:\/\/chronik.noblogs.org\/files\/2016\/01\/166929-768x384.jpg 768w, https:\/\/chronik.noblogs.org\/files\/2016\/01\/166929.jpg 940w\" sizes=\"auto, (max-width: 300px) 100vw, 300px\" \/><\/a>L\u00fcneburg<\/strong>, 27. Januar 2016<strong><br \/>\n<\/strong><\/p>\n<blockquote><p>Brandanschlag in L\u00fcneburg: Unbekannte haben am Mittwoch einen Pkw der Bundeswehr angez\u00fcndet. Laut Polizei ereignete sich der Vorfall gegen 1.50 Uhr auf einem Grundst\u00fcck an der Bardowickstra\u00dfe Ecke Hindenburgstra\u00dfe. Zeugen hatten dort den brennenden VW der Bundeswehr entdeckt und die Rettungskr\u00e4fte alarmiert.<\/p>\n<p>Trotz des Eingreifens der Feuerwehr wurde das Fahrzeug komplett zerst\u00f6rt. Zudem wurde die Wand des angrenzenden B\u00fcrgeramts-Geb\u00e4udes in Mitleidenschaft gezogen.<!--more--><\/p>\n<p>Die entstanden Sch\u00e4den belaufen sich auf mehrere tausend Euro. Die Brandermittler gehen zum jetzigen Zeitpunkt von Brandstiftung aus.<\/p>\n<p>Die Polizei sucht nun nach Zeugen und nimmt Hinweise unter der Telefonnummer 000xxxx entgegen.<\/p><\/blockquote>\n<p><strong>Quelle<\/strong>: <a href=\"https:\/\/linksunten.indymedia.org\/de\/node\/166928\">Mopo<\/a><\/p>\n","protected":false},"excerpt":{"rendered":"<p>L\u00fcneburg, 27. Januar 2016 Brandanschlag in L\u00fcneburg: Unbekannte haben am Mittwoch einen Pkw der Bundeswehr angez\u00fcndet. Laut Polizei ereignete sich der Vorfall gegen 1.50 Uhr auf einem Grundst\u00fcck an der Bardowickstra\u00dfe Ecke Hindenburgstra\u00dfe. Zeugen hatten dort den brennenden VW der Bundeswehr entdeckt und die Rettungskr\u00e4fte alarmiert. Trotz des Eingreifens der Feuerwehr wurde das Fahrzeug komplett [&hellip;]<\/p>\n","protected":false},"author":12080,"featured_media":0,"comment_status":"closed","ping_status":"closed","sticky":false,"template":"","format":"standard","meta":{"footnotes":""},"categories":[2],"tags":[123],"class_list":["post-2548","post","type-post","status-publish","format-standard","hentry","category-de","tag-lueneburg"],"_links":{"self":[{"href":"https:\/\/chronik.noblogs.org\/index.php?rest_route=\/wp\/v2\/posts\/2548","targetHints":{"allow":["GET"]}}],"collection":[{"href":"https:\/\/chronik.noblogs.org\/index.php?rest_route=\/wp\/v2\/posts"}],"about":[{"href":"https:\/\/chronik.noblogs.org\/index.php?rest_route=\/wp\/v2\/types\/post"}],"author":[{"embeddable":true,"href":"https:\/\/chronik.noblogs.org\/index.php?rest_route=\/wp\/v2\/users\/12080"}],"replies":[{"embeddable":true,"href":"https:\/\/chronik.noblogs.org\/index.php?rest_route=%2Fwp%2Fv2%2Fcomments&post=2548"}],"version-history":[{"count":0,"href":"https:\/\/chronik.noblogs.org\/index.php?rest_route=\/wp\/v2\/posts\/2548\/revisions"}],"wp:attachment":[{"href":"https:\/\/chronik.noblogs.org\/index.php?rest_route=%2Fwp%2Fv2%2Fmedia&parent=2548"}],"wp:term":[{"taxonomy":"category","embeddable":true,"href":"https:\/\/chronik.noblogs.org\/index.php?rest_route=%2Fwp%2Fv2%2Fcategories&post=2548"},{"taxonomy":"post_tag","embeddable":true,"href":"https:\/\/chronik.noblogs.org\/index.php?rest_route=%2Fwp%2Fv2%2Ftags&post=2548"}],"curies":[{"name":"wp","href":"https:\/\/api.w.org\/{rel}","templated":true}]}}