{"id":2532,"date":"2016-01-27T00:00:02","date_gmt":"2016-01-26T22:00:02","guid":{"rendered":"http:\/\/chronik.blackblogs.org\/?p=2532"},"modified":"2016-01-27T00:00:02","modified_gmt":"2016-01-26T22:00:02","slug":"farbe-gegen-wohnhaus-von-rene-menzel-baergida","status":"publish","type":"post","link":"https:\/\/chronik.noblogs.org\/?p=2532","title":{"rendered":"Farbe gegen Wohnhaus von Rene Menzel (B\u00e4rgida)"},"content":{"rendered":"<p><strong>Berlin<\/strong>, 27. Januar 2016<\/p>\n<blockquote><p>Wir haben gestern Nacht Rene Menzel, wohnhaft in der Mahlsdorferstr. 28 in 15366 H\u00f6now Brandenburg, in seiner Nachbarschaft geoutet und ihm ein paar farbenfrohe Gr\u00fc\u00dfe am Haus hinterlassen.<\/p>\n<p>Rene Menzel ist fester Teil der B\u00e4rgida Organisationsstrukturen, trat mehrmals als Redner bei B\u00e4rgida auf und ist Betreiber der Facebookseite \u201eB\u00e4rgida Supporters\u201c. Er macht Video- und Fotoaufnahmen der Demonstration und filmt gezielt antifaschistische Gegendemonstrant_innen ab, um die Aufnahmen anschlie\u00dfend zum Zwecke der Anti-Antifaarbeit ins Netz zu stellen.<br \/>\n<!--more--><br \/>\nRene Menzel hat \u00fcber B\u00e4rgida hinaus bei zahlreichen Events der rechten Szene in Berlin und Brandenburg teilgenommen. So wurde er bei den rassistischen Proteste gegen die Gefl\u00fcchtetenunterkunft am Landsberger Tor in Marzahn gesichtet und trat bei der verschw\u00f6rungstheoretischen und rechten Veranstaltung &#8220;Sturm auf den Reichstag&#8221; am 09.05.15 als Ordner auf.<\/p>\n<p>Deutschand und fast der gesamte Rest Europas erlebt gerade einen faschistischen Rollback und eine stetige Pegidaisierung der b\u00fcrgerlichen Gesellschaft. W\u00e4hrend die etablierten Parteien von Teilen der LINKEN bis zur CDU versuchen mit immer grausameren Forderungen nach Abschottung und Deportation von Gefl\u00fcchteten der AFD das Wasser abzugraben, erleben wir t\u00e4glich Angriffe von militanten Neonazis und B\u00fcrgerInnenmobs auf alle Menschen, die nicht in ihr Weltbild passen, und w\u00f6chentliche Aufm\u00e4rsche von tausenden von RassistInnen und Faschos jedweder Couleur. Dieser tendenziellen Faschisierung der Gesellschaft m\u00fcssen wir entgegentreten und uns organisieren. Eine schlagkr\u00e4ftige antifaschistische Aktion aufzubauen ist notwendig &#8211; etwas, das wir in Berlin seit Jahren schmerzlich vermissen!<\/p>\n<p>Das B\u00e4rgida-B\u00fcndnis l\u00e4uft nun seit \u00fcber einem Jahr relativ ungest\u00f6rt durch Berlin und kann so Woche f\u00fcr Woche seine rassistische Hetze verbreiten. Diese &#8220;Montagsspazierg\u00e4nge&#8221; sind dabei Sammelbecken f\u00fcr Mitglieder rechter und faschistischer Parteien, organisierte Neonazis, rechte Hooligans und Verschw\u00f6rungstheoretikerInnen. Es gab in letzter Zeit Versuche diesem Spuk wieder aktivier entgegenzutreten und sich besser zu organisieren. Dar\u00fcber freuen wir uns sehr und glauben, dass die entschlossenen und militanten antifaschistischen Aktionen gegen Pogida und B\u00e4rgida in Potsdam ein guter Anfang sein k\u00f6nnten, um auch in Berlin die Antifa, \u00fcber Trillerpfeifen und Sitzblockaden hinaus, in die Offensive zu bringen. Um Nazis und die erstarkende AFD st\u00e4rker unter Druck zu setzen m\u00fcssen wir ihnen auch au\u00dferhab ihrer Aufm\u00e4rsche unsere Aufmerksamkeit zukommen lassen. Nazis und andere Faschos haben Adressen, Autos, Szene-Kneipen, Veranstaltungsr\u00e4ume und Arbeitspl\u00e4tze&#8230;<\/p>\n<p>Die Rechten zu Boden!<\/p>\n<p>Hier eine kleine Sammlung von gelungenen Aktionen in der letzten Zeit in Berlin:<\/p><\/blockquote>\n<p><strong>Quelle<\/strong>: <a href=\"https:\/\/linksunten.indymedia.org\/de\/node\/166819\">Linksunten<\/a><\/p>\n","protected":false},"excerpt":{"rendered":"<p>Berlin, 27. Januar 2016 Wir haben gestern Nacht Rene Menzel, wohnhaft in der Mahlsdorferstr. 28 in 15366 H\u00f6now Brandenburg, in seiner Nachbarschaft geoutet und ihm ein paar farbenfrohe Gr\u00fc\u00dfe am Haus hinterlassen. Rene Menzel ist fester Teil der B\u00e4rgida Organisationsstrukturen, trat mehrmals als Redner bei B\u00e4rgida auf und ist Betreiber der Facebookseite \u201eB\u00e4rgida Supporters\u201c. Er [&hellip;]<\/p>\n","protected":false},"author":12080,"featured_media":0,"comment_status":"closed","ping_status":"closed","sticky":false,"template":"","format":"standard","meta":{"footnotes":""},"categories":[2],"tags":[24],"class_list":["post-2532","post","type-post","status-publish","format-standard","hentry","category-de","tag-berlin"],"_links":{"self":[{"href":"https:\/\/chronik.noblogs.org\/index.php?rest_route=\/wp\/v2\/posts\/2532","targetHints":{"allow":["GET"]}}],"collection":[{"href":"https:\/\/chronik.noblogs.org\/index.php?rest_route=\/wp\/v2\/posts"}],"about":[{"href":"https:\/\/chronik.noblogs.org\/index.php?rest_route=\/wp\/v2\/types\/post"}],"author":[{"embeddable":true,"href":"https:\/\/chronik.noblogs.org\/index.php?rest_route=\/wp\/v2\/users\/12080"}],"replies":[{"embeddable":true,"href":"https:\/\/chronik.noblogs.org\/index.php?rest_route=%2Fwp%2Fv2%2Fcomments&post=2532"}],"version-history":[{"count":0,"href":"https:\/\/chronik.noblogs.org\/index.php?rest_route=\/wp\/v2\/posts\/2532\/revisions"}],"wp:attachment":[{"href":"https:\/\/chronik.noblogs.org\/index.php?rest_route=%2Fwp%2Fv2%2Fmedia&parent=2532"}],"wp:term":[{"taxonomy":"category","embeddable":true,"href":"https:\/\/chronik.noblogs.org\/index.php?rest_route=%2Fwp%2Fv2%2Fcategories&post=2532"},{"taxonomy":"post_tag","embeddable":true,"href":"https:\/\/chronik.noblogs.org\/index.php?rest_route=%2Fwp%2Fv2%2Ftags&post=2532"}],"curies":[{"name":"wp","href":"https:\/\/api.w.org\/{rel}","templated":true}]}}