{"id":2513,"date":"2016-01-23T00:00:43","date_gmt":"2016-01-22T22:00:43","guid":{"rendered":"http:\/\/chronik.blackblogs.org\/?p=2513"},"modified":"2016-01-23T00:00:43","modified_gmt":"2016-01-22T22:00:43","slug":"afd-plakatierer-beschossen","status":"publish","type":"post","link":"https:\/\/chronik.noblogs.org\/?p=2513","title":{"rendered":"AfD-Plakatierer beschossen"},"content":{"rendered":"<p><strong>Karlsruhe<\/strong>, 23. Januar 2016<\/p>\n<blockquote><p>Ein 36-J\u00e4hriger ist beim Aufstellen von Wahlplakaten f\u00fcr die Alternative f\u00fcr Deutschland (AfD) in Karlsruhe von einem Unbekannten beschossen worden. Der mit einem Schal vermummte Angreifer hatte den Plakatierer zuvor angesprochen, wie die Polizei am Sonntag mitteilte. Laut Darstellung des Kreisverbands der rechtskonservativen AfD forderte der Mann den 36-J\u00e4hrigen auf, zu verschwinden.<br \/>\n<!--more--><br \/>\nNach Erkenntnis der Polizei setzte sich der Plakatierer daraufhin in seinen Lieferwagen um loszufahren, doch der Unbekannte zog eine Pistole aus einer Tasche und schoss von au\u00dfen durch das geschlossene Beifahrerfenster. Dabei verfehlte er den Fahrer, der unverletzt davonfuhr. Nach dem Vorfall am Samstagabend suchte die Polizei zun\u00e4chst vergebens nach dem Sch\u00fctzen.<\/p><\/blockquote>\n<p><strong>Quelle<\/strong>: Badische Zeitung<\/p>\n<p>&nbsp;<\/p>\n<p>&nbsp;<\/p>\n<p><strong>Polizei:<\/strong><\/p>\n<blockquote><p>POL-KA: (KA) Karlsruhe: Plakataufsteller wird Opfer eines bewaffneten Angriffs \/ Polizei sucht Zeugen<br \/>\n24.01.2016 \u2013 09:33<\/p>\n<p>Karlsruhe (ots) &#8211; Am Samstagabend, kurz vor 21.00 Uhr, wurde ein 36-j\u00e4hriger Mann, welcher gerade im Begriff war im Bereich der Rembrandstra\u00dfe in Neureut Wahlplakate der AfD aufzustellen, Opfer eines zun\u00e4chst verbalen, dann bewaffneten Angriffs. Der Plakataufsteller wurde hierbei von einem unbekannten Mann unfl\u00e4tig angesprochen. Danach begab sich der Aufsteller zu seinem Pkw und setze sich hinters Steuer. Zeitgleich hatte sich der unbekannte Aggressor auf die Beifahrerseite begeben, holte etwas aus seiner Tasche und hielt diesen Gegenstand in die Richtung des 36 Jahre alten Mannes. Kurz darauf h\u00f6rte der Gesch\u00e4digte einen blechernen Knall und musste feststelle, dass die Beifahrerscheibe seines Pkw daraufhin zersprungen war. Als ihm dann noch gewahr wurde, dass es sich bei dem Gegenstand um eine kleinere Pistole handelte, fl\u00fcchtete er unverletzt mit seinem Fahrzeug einige Stra\u00dfen weiter, um schlie\u00dflich die Polizei zu verst\u00e4ndigen. Sofort eingeleitete Fahndungsma\u00dfnahmen verliefen bislang ohne Erfolg. Eine kriminaltechnische Untersuchung des besch\u00e4digten Pkw erfolgt noch im Laufe des Tages. Die Polizei bittet Zeugen sich unter der Rufnummer 0000000 an den Kriminaldauerdienst zu wenden.<\/p>\n<p>Der T\u00e4ter kann wie folgt beschrieben werden: M\u00e4nnlich, gesch\u00e4tztes Alter von ca. 20 &#8211; 25 Jahren, ca. 180-185 cm gro\u00df, trug Kopfbedeckung und schwarzes Halstuch mit einem wei\u00dfen Muster vor Mund- und Nasenpartie, trug eine gr\u00fcne Jacke (vermutlich Parka) mit Camouflage-Muster, f\u00fchrte dunkle kleinere Pistole mit sich, fuhr ein dunkles Mountainbike mit leicht schr\u00e4ger Querstange und Gep\u00e4cktr\u00e4ger.<\/p>\n<p>Stefan Moos, F\u00fchrungs- und Lagezentrum<\/p><\/blockquote>\n","protected":false},"excerpt":{"rendered":"<p>Karlsruhe, 23. Januar 2016 Ein 36-J\u00e4hriger ist beim Aufstellen von Wahlplakaten f\u00fcr die Alternative f\u00fcr Deutschland (AfD) in Karlsruhe von einem Unbekannten beschossen worden. Der mit einem Schal vermummte Angreifer hatte den Plakatierer zuvor angesprochen, wie die Polizei am Sonntag mitteilte. Laut Darstellung des Kreisverbands der rechtskonservativen AfD forderte der Mann den 36-J\u00e4hrigen auf, zu [&hellip;]<\/p>\n","protected":false},"author":12080,"featured_media":0,"comment_status":"closed","ping_status":"closed","sticky":false,"template":"","format":"standard","meta":{"footnotes":""},"categories":[2],"tags":[108],"class_list":["post-2513","post","type-post","status-publish","format-standard","hentry","category-de","tag-karlsruhe"],"_links":{"self":[{"href":"https:\/\/chronik.noblogs.org\/index.php?rest_route=\/wp\/v2\/posts\/2513","targetHints":{"allow":["GET"]}}],"collection":[{"href":"https:\/\/chronik.noblogs.org\/index.php?rest_route=\/wp\/v2\/posts"}],"about":[{"href":"https:\/\/chronik.noblogs.org\/index.php?rest_route=\/wp\/v2\/types\/post"}],"author":[{"embeddable":true,"href":"https:\/\/chronik.noblogs.org\/index.php?rest_route=\/wp\/v2\/users\/12080"}],"replies":[{"embeddable":true,"href":"https:\/\/chronik.noblogs.org\/index.php?rest_route=%2Fwp%2Fv2%2Fcomments&post=2513"}],"version-history":[{"count":0,"href":"https:\/\/chronik.noblogs.org\/index.php?rest_route=\/wp\/v2\/posts\/2513\/revisions"}],"wp:attachment":[{"href":"https:\/\/chronik.noblogs.org\/index.php?rest_route=%2Fwp%2Fv2%2Fmedia&parent=2513"}],"wp:term":[{"taxonomy":"category","embeddable":true,"href":"https:\/\/chronik.noblogs.org\/index.php?rest_route=%2Fwp%2Fv2%2Fcategories&post=2513"},{"taxonomy":"post_tag","embeddable":true,"href":"https:\/\/chronik.noblogs.org\/index.php?rest_route=%2Fwp%2Fv2%2Ftags&post=2513"}],"curies":[{"name":"wp","href":"https:\/\/api.w.org\/{rel}","templated":true}]}}