{"id":237,"date":"2015-05-26T00:00:02","date_gmt":"2015-05-26T00:00:02","guid":{"rendered":"http:\/\/chronik.blackblogs.org\/?p=237"},"modified":"2015-05-26T00:00:02","modified_gmt":"2015-05-26T00:00:02","slug":"haemmer-und-buttersaeure-gegen-drei-immobilienbueros","status":"publish","type":"post","link":"https:\/\/chronik.noblogs.org\/?p=237","title":{"rendered":"H\u00e4mmer und Butters\u00e4ure gegen drei Immobilienb\u00fcros"},"content":{"rendered":"<p><strong>Berlin<\/strong>, 26. Mai 2015<\/p>\n<blockquote><p>[B] Frankfurt-Hamburg-K\u00f6ln-L\u00fcneburg&#8230; und jetzt Berlin. von Poll abgewertet.<\/p>\n<p>&#8220;Von allem nur das Beste&#8221; &#8211; dieses Firmenmotto der Firma von Poll haben wir leidenschaftlich aufgenommen und in H\u00e4mmer und stinkende S\u00e4ure investiert.<\/p>\n<p>In der Nacht vom 25. auf den 26. Mai haben wir in Berlin Pankow, Berlin-Charlottenburg und in Potsdam drei Fialen des Immobilien-Profiteurs von Poll einen Besuch abgestattet. Mit H\u00e4mmern und Butters\u00e4ure wurden die kleinen, aber sehr repr\u00e4sentativen Gesch\u00e4ftsr\u00e4ume markiert.<br \/>\n<!--more--><\/p>\n<p>Wir gr\u00fc\u00dfen mit unserem Beitrag die bundesweiten Banden und greifen mit unserem eigenen klirrenden Beitrag die Kampagne von den Genoss_innen in Frankfurt auf.<\/p>\n<p>Entsetzt sind wir \u00fcber die mangelnde Reaktion des Gesch\u00e4ftsf\u00fchrer Daniel Ritter, der die Belohnung von l\u00e4ppischen 50.000 Euro immer noch nicht weiter hoch gesetzt hat. Die Hamburger Genoss_innen haben schon die Forderung nach einer Erh\u00f6hung der Belohnung aufgestellt &#8211; wieviel soll denn noch passieren &#8211; Herr Ritter? Machen Sie ihren Laden besser einfach zu&#8230;<\/p>\n<p>Von Poll f\u00fcr uns ein berechtigtes Angriffsziel im Kampf gegen Vertreibung, Gentrifikation und Zwangsr\u00e4umungen. Wir schlie\u00dfen uns damit auch dem Aufruf an, &#8220;die Aufwertungs- und Verdr\u00e4ngungspolitik in Europas Metropolen offensiv und anzugreifen&#8221;.Verwandeln wir unsere St\u00e4dte in Risikokapital und ziehen damit die \u201eVerwertungsbremse\u201c von unten!\u201c Es wird Zeit, uns unser Leben zur\u00fcckzuholen, Gemeinschaft neu zu erfinden und zu organisieren.<\/p>\n<p>Solidarische Gr\u00fc\u00dfe senden wir an den Genossen Fede, der seit den Protesten in Frankfurt in Untersuchungshaft sitzt.<\/p>\n<p>Autonome Immobilien-Abwerter_innen<\/p><\/blockquote>\n<p><strong>Quelle<\/strong>: <a href=\"https:\/\/linksunten.indymedia.org\/de\/node\/144399\">Linksunten<\/a><\/p>\n","protected":false},"excerpt":{"rendered":"<p>Berlin, 26. Mai 2015 [B] Frankfurt-Hamburg-K\u00f6ln-L\u00fcneburg&#8230; und jetzt Berlin. von Poll abgewertet. &#8220;Von allem nur das Beste&#8221; &#8211; dieses Firmenmotto der Firma von Poll haben wir leidenschaftlich aufgenommen und in H\u00e4mmer und stinkende S\u00e4ure investiert. In der Nacht vom 25. auf den 26. Mai haben wir in Berlin Pankow, Berlin-Charlottenburg und in Potsdam drei Fialen [&hellip;]<\/p>\n","protected":false},"author":12080,"featured_media":0,"comment_status":"closed","ping_status":"closed","sticky":false,"template":"","format":"standard","meta":{"footnotes":""},"categories":[2],"tags":[24],"class_list":["post-237","post","type-post","status-publish","format-standard","hentry","category-de","tag-berlin"],"_links":{"self":[{"href":"https:\/\/chronik.noblogs.org\/index.php?rest_route=\/wp\/v2\/posts\/237","targetHints":{"allow":["GET"]}}],"collection":[{"href":"https:\/\/chronik.noblogs.org\/index.php?rest_route=\/wp\/v2\/posts"}],"about":[{"href":"https:\/\/chronik.noblogs.org\/index.php?rest_route=\/wp\/v2\/types\/post"}],"author":[{"embeddable":true,"href":"https:\/\/chronik.noblogs.org\/index.php?rest_route=\/wp\/v2\/users\/12080"}],"replies":[{"embeddable":true,"href":"https:\/\/chronik.noblogs.org\/index.php?rest_route=%2Fwp%2Fv2%2Fcomments&post=237"}],"version-history":[{"count":0,"href":"https:\/\/chronik.noblogs.org\/index.php?rest_route=\/wp\/v2\/posts\/237\/revisions"}],"wp:attachment":[{"href":"https:\/\/chronik.noblogs.org\/index.php?rest_route=%2Fwp%2Fv2%2Fmedia&parent=237"}],"wp:term":[{"taxonomy":"category","embeddable":true,"href":"https:\/\/chronik.noblogs.org\/index.php?rest_route=%2Fwp%2Fv2%2Fcategories&post=237"},{"taxonomy":"post_tag","embeddable":true,"href":"https:\/\/chronik.noblogs.org\/index.php?rest_route=%2Fwp%2Fv2%2Ftags&post=237"}],"curies":[{"name":"wp","href":"https:\/\/api.w.org\/{rel}","templated":true}]}}