{"id":2340,"date":"2016-01-01T00:00:36","date_gmt":"2015-12-31T22:00:36","guid":{"rendered":"http:\/\/chronik.blackblogs.org\/?p=2340"},"modified":"2016-01-01T00:00:36","modified_gmt":"2015-12-31T22:00:36","slug":"farbangriff-auf-innenministerium","status":"publish","type":"post","link":"https:\/\/chronik.noblogs.org\/?p=2340","title":{"rendered":"Farbangriff auf Innenministerium"},"content":{"rendered":"<p><strong>Stuttgart<\/strong>, 1. Januar 2016<\/p>\n<blockquote><p>In der Silvesternacht erfolgte ein Farbanschlag auf das Innenministerium in Stuttgart. Symbolisch haben wir hier eine der Koordinations- und Organisationszentralen markiert, die ma\u00dfgeblich f\u00fcr Angriffe gegen fortschrittliche Bewegungen politische Verantwortung tr\u00e4gt.<\/p>\n<p>Wenige Stunden zuvor versuchte die Stuttgarter Polizei mit einem massiven Bullenaufgebot, den traditionellen Knastspaziergang in Stammheim zu verhindern. Um den hierf\u00fcr verantwortlichen Strategen der Repression zu demonstrieren, dass wir uns auch 2016 sicher nicht einsch\u00fcchtern lassen, haben wir das neue Protzgeb\u00e4ude des Innenministeriums an zwei Seiten mit Farbe angegriffen.\u00a0 Im Anschluss konnten alle Beteiligten problemlos entkommen.<br \/>\n<!--more--><br \/>\nImmer wieder sahen sich antifaschistische Proteste gegen Naziaufm\u00e4rsche oder andere Aktionen rechter Gruppierungen einem massiv aufger\u00fcstetem Polizeiaufgebot gegen\u00fcber. So zum Beispiel erst vergangenen November bei dem Blockadeversuch des NPD- Bundesparteitag in Weinheim oder bei Protesten gegen die homophobe &#8220;Demo f\u00fcr Alle&#8221; in Stuttgart. Zahlreiche AktivistInnen wurden stundenlang in Gewahrsam genommen, dutzende durch Pfefferspray und Knochenbr\u00fcche verletzt. Auch andere linke Aktivit\u00e4ten und Proteste gegen die herrschenden Verh\u00e4ltnisse werden immer wieder seitens der Polizei eingeschr\u00e4nkt und angegriffen.<\/p>\n<p>Letztlich werden alle Ebenen der Repression im Innenministerium koordiniert, aktuell z.B. auch die 129b-Prozesse gegen vermeintliche AktivistInnen der PKK und der TKP\/ML, genauso wie die rassistische Abschiebepolitik in Baden-W\u00fcrttemberg.<\/p>\n<p>Auf ein k\u00e4mpferisches 2016!<\/p><\/blockquote>\n<p><strong>Quelle<\/strong>: <a href=\"https:\/\/linksunten.indymedia.org\/de\/node\/164264\">Linksunten<\/a><\/p>\n","protected":false},"excerpt":{"rendered":"<p>Stuttgart, 1. Januar 2016 In der Silvesternacht erfolgte ein Farbanschlag auf das Innenministerium in Stuttgart. Symbolisch haben wir hier eine der Koordinations- und Organisationszentralen markiert, die ma\u00dfgeblich f\u00fcr Angriffe gegen fortschrittliche Bewegungen politische Verantwortung tr\u00e4gt. Wenige Stunden zuvor versuchte die Stuttgarter Polizei mit einem massiven Bullenaufgebot, den traditionellen Knastspaziergang in Stammheim zu verhindern. Um den [&hellip;]<\/p>\n","protected":false},"author":12080,"featured_media":0,"comment_status":"closed","ping_status":"closed","sticky":false,"template":"","format":"standard","meta":{"footnotes":""},"categories":[2],"tags":[194],"class_list":["post-2340","post","type-post","status-publish","format-standard","hentry","category-de","tag-stuttgart"],"_links":{"self":[{"href":"https:\/\/chronik.noblogs.org\/index.php?rest_route=\/wp\/v2\/posts\/2340","targetHints":{"allow":["GET"]}}],"collection":[{"href":"https:\/\/chronik.noblogs.org\/index.php?rest_route=\/wp\/v2\/posts"}],"about":[{"href":"https:\/\/chronik.noblogs.org\/index.php?rest_route=\/wp\/v2\/types\/post"}],"author":[{"embeddable":true,"href":"https:\/\/chronik.noblogs.org\/index.php?rest_route=\/wp\/v2\/users\/12080"}],"replies":[{"embeddable":true,"href":"https:\/\/chronik.noblogs.org\/index.php?rest_route=%2Fwp%2Fv2%2Fcomments&post=2340"}],"version-history":[{"count":0,"href":"https:\/\/chronik.noblogs.org\/index.php?rest_route=\/wp\/v2\/posts\/2340\/revisions"}],"wp:attachment":[{"href":"https:\/\/chronik.noblogs.org\/index.php?rest_route=%2Fwp%2Fv2%2Fmedia&parent=2340"}],"wp:term":[{"taxonomy":"category","embeddable":true,"href":"https:\/\/chronik.noblogs.org\/index.php?rest_route=%2Fwp%2Fv2%2Fcategories&post=2340"},{"taxonomy":"post_tag","embeddable":true,"href":"https:\/\/chronik.noblogs.org\/index.php?rest_route=%2Fwp%2Fv2%2Ftags&post=2340"}],"curies":[{"name":"wp","href":"https:\/\/api.w.org\/{rel}","templated":true}]}}