{"id":2288,"date":"2016-01-01T00:00:33","date_gmt":"2015-12-31T22:00:33","guid":{"rendered":"http:\/\/chronik.blackblogs.org\/?p=2288"},"modified":"2016-01-01T00:00:33","modified_gmt":"2015-12-31T22:00:33","slug":"farbe-gegen-cdu-zentrale","status":"publish","type":"post","link":"https:\/\/chronik.noblogs.org\/?p=2288","title":{"rendered":"Farbe gegen CDU-Zentrale"},"content":{"rendered":"<p><strong><a href=\"https:\/\/chronik.blackblogs.org\/wp-content\/uploads\/sites\/109\/2016\/01\/163917.jpg\"><img loading=\"lazy\" decoding=\"async\" class=\"alignright size-medium wp-image-2289\" src=\"https:\/\/chronik.blackblogs.org\/wp-content\/uploads\/sites\/109\/2016\/01\/163917-300x200.jpg\" alt=\"163917\" width=\"300\" height=\"200\" srcset=\"https:\/\/chronik.noblogs.org\/files\/2016\/01\/163917-300x200.jpg 300w, https:\/\/chronik.noblogs.org\/files\/2016\/01\/163917-768x512.jpg 768w, https:\/\/chronik.noblogs.org\/files\/2016\/01\/163917-1024x683.jpg 1024w\" sizes=\"auto, (max-width: 300px) 100vw, 300px\" \/><\/a>Stuttgart<\/strong>, 1. Januar 2016<\/p>\n<blockquote><p>Nach dem traditionellen Spaziergang um den Stammheimer Knast fanden sich noch \u00fcber 50 AktivistInnen in der Stuttgarter Innenstadt zu einer spontanen Demonstration zusammen. Von k\u00e4mpferischen Parolen und Pyrotechnik begleitet, zog die Demo durch das Hospitalviertel zur Stuttgarter CDU-Zentrale.<\/p>\n<p>W\u00e4hrend der Demo wurden entlang der Route Stencils hinterlassen. Unter dem Motto &#8220;Bilanz 2015: Armut, Krieg, Rassismus &#8211; Kapitalismus abschaffen!&#8221; endete die Spontandemonstration mit reichlich Feuerwerk\u00a0 vor der Zentrale.<br \/>\n<!--more--><br \/>\nMit der kompromisslosen europaweiten Durchsetzung von Sozialabbau und Privatisierungen im Interesse des deutschen Kapitals und offener Freundschaft zur reaktion\u00e4ren und homophoben &#8220;Demo f\u00fcr Alle&#8221;, hat sich die Partei im letzten Jahr besonders f\u00fcr diesen Besuch qualifiziert. Nach einer kurzen Durchsage zu den Umtrieben der selbsternannten &#8220;Christdemokraten&#8221; wurde die Aktion beendet. Einige AktivistInnen lie\u00dfen es sich im Anschluss nicht nehmen, farbige Gr\u00fc\u00dfe am Geb\u00e4ude anzubringen. Ungest\u00f6rt und ohne Zwischenf\u00e4lle konnten die AktivistInnen den Ort des Geschehens wieder verlassen.<\/p><\/blockquote>\n<p><strong>Quelle<\/strong>: <a href=\"https:\/\/linksunten.indymedia.org\/de\/node\/163916\">Linksunten<\/a><\/p>\n","protected":false},"excerpt":{"rendered":"<p>Stuttgart, 1. Januar 2016 Nach dem traditionellen Spaziergang um den Stammheimer Knast fanden sich noch \u00fcber 50 AktivistInnen in der Stuttgarter Innenstadt zu einer spontanen Demonstration zusammen. Von k\u00e4mpferischen Parolen und Pyrotechnik begleitet, zog die Demo durch das Hospitalviertel zur Stuttgarter CDU-Zentrale. W\u00e4hrend der Demo wurden entlang der Route Stencils hinterlassen. Unter dem Motto &#8220;Bilanz [&hellip;]<\/p>\n","protected":false},"author":12080,"featured_media":0,"comment_status":"closed","ping_status":"closed","sticky":false,"template":"","format":"standard","meta":{"footnotes":""},"categories":[2],"tags":[194],"class_list":["post-2288","post","type-post","status-publish","format-standard","hentry","category-de","tag-stuttgart"],"_links":{"self":[{"href":"https:\/\/chronik.noblogs.org\/index.php?rest_route=\/wp\/v2\/posts\/2288","targetHints":{"allow":["GET"]}}],"collection":[{"href":"https:\/\/chronik.noblogs.org\/index.php?rest_route=\/wp\/v2\/posts"}],"about":[{"href":"https:\/\/chronik.noblogs.org\/index.php?rest_route=\/wp\/v2\/types\/post"}],"author":[{"embeddable":true,"href":"https:\/\/chronik.noblogs.org\/index.php?rest_route=\/wp\/v2\/users\/12080"}],"replies":[{"embeddable":true,"href":"https:\/\/chronik.noblogs.org\/index.php?rest_route=%2Fwp%2Fv2%2Fcomments&post=2288"}],"version-history":[{"count":0,"href":"https:\/\/chronik.noblogs.org\/index.php?rest_route=\/wp\/v2\/posts\/2288\/revisions"}],"wp:attachment":[{"href":"https:\/\/chronik.noblogs.org\/index.php?rest_route=%2Fwp%2Fv2%2Fmedia&parent=2288"}],"wp:term":[{"taxonomy":"category","embeddable":true,"href":"https:\/\/chronik.noblogs.org\/index.php?rest_route=%2Fwp%2Fv2%2Fcategories&post=2288"},{"taxonomy":"post_tag","embeddable":true,"href":"https:\/\/chronik.noblogs.org\/index.php?rest_route=%2Fwp%2Fv2%2Ftags&post=2288"}],"curies":[{"name":"wp","href":"https:\/\/api.w.org\/{rel}","templated":true}]}}