{"id":2219,"date":"2015-12-15T00:00:53","date_gmt":"2015-12-14T22:00:53","guid":{"rendered":"http:\/\/chronik.blackblogs.org\/?p=2219"},"modified":"2015-12-15T00:00:53","modified_gmt":"2015-12-14T22:00:53","slug":"attaque-a-la-peinture-contre-le-service-administratif-pour-les-etrangers","status":"publish","type":"post","link":"https:\/\/chronik.noblogs.org\/?p=2219","title":{"rendered":"Attaque \u00e0 la peinture contre le service administratif pour les \u00e9trangers"},"content":{"rendered":"<p><strong>Bielefeld<\/strong>, 15 d\u00e9cembre 2015<\/p>\n<blockquote><p>Dans la nuit du 14 au 15 d\u00e9cembre 2015, le service administratif pour les \u00e9trangers du centre de Bielefeld a \u00e9t\u00e9 macul\u00e9 de plusieurs bombes de peinture rouge. L\u2019inscription en grosses lettres \u201cExpulsion=Meurtre\u201d a \u00e9t\u00e9 laiss\u00e9e dans la rue situ\u00e9e devant le b\u00e2timent. Elle a \u00e9t\u00e9 sign\u00e9e d\u2019un (A) cercl\u00e9.<br \/>\n<!--more--><br \/>\nLe service administratif pour \u00e9trangers du centre de Bielefeld, comme toutes les autres administrations agissant dans ce domaine, ordonne des expulsions de personnes recherchant la protection \u2013 entre autre dans des pays dans lesquels la vie des personnes concern\u00e9es est gravement menac\u00e9e. Ainsi, l\u2019administration pour \u00e9trangers se positionne pour un syst\u00e8me \u00e9tatique cruel, raciste et humiliant.<\/p><\/blockquote>\n<p><strong>Source<\/strong>: <a href=\"https:\/\/linksunten.indymedia.org\/fr\/node\/163273\">lechatnoirmeutier<\/a><\/p>\n","protected":false},"excerpt":{"rendered":"<p>Bielefeld, 15 d\u00e9cembre 2015 Dans la nuit du 14 au 15 d\u00e9cembre 2015, le service administratif pour les \u00e9trangers du centre de Bielefeld a \u00e9t\u00e9 macul\u00e9 de plusieurs bombes de peinture rouge. L\u2019inscription en grosses lettres \u201cExpulsion=Meurtre\u201d a \u00e9t\u00e9 laiss\u00e9e dans la rue situ\u00e9e devant le b\u00e2timent. Elle a \u00e9t\u00e9 sign\u00e9e d\u2019un (A) cercl\u00e9.<\/p>\n","protected":false},"author":12080,"featured_media":0,"comment_status":"closed","ping_status":"closed","sticky":false,"template":"","format":"standard","meta":{"footnotes":""},"categories":[5],"tags":[25],"class_list":["post-2219","post","type-post","status-publish","format-standard","hentry","category-fr","tag-bielefeld"],"_links":{"self":[{"href":"https:\/\/chronik.noblogs.org\/index.php?rest_route=\/wp\/v2\/posts\/2219","targetHints":{"allow":["GET"]}}],"collection":[{"href":"https:\/\/chronik.noblogs.org\/index.php?rest_route=\/wp\/v2\/posts"}],"about":[{"href":"https:\/\/chronik.noblogs.org\/index.php?rest_route=\/wp\/v2\/types\/post"}],"author":[{"embeddable":true,"href":"https:\/\/chronik.noblogs.org\/index.php?rest_route=\/wp\/v2\/users\/12080"}],"replies":[{"embeddable":true,"href":"https:\/\/chronik.noblogs.org\/index.php?rest_route=%2Fwp%2Fv2%2Fcomments&post=2219"}],"version-history":[{"count":0,"href":"https:\/\/chronik.noblogs.org\/index.php?rest_route=\/wp\/v2\/posts\/2219\/revisions"}],"wp:attachment":[{"href":"https:\/\/chronik.noblogs.org\/index.php?rest_route=%2Fwp%2Fv2%2Fmedia&parent=2219"}],"wp:term":[{"taxonomy":"category","embeddable":true,"href":"https:\/\/chronik.noblogs.org\/index.php?rest_route=%2Fwp%2Fv2%2Fcategories&post=2219"},{"taxonomy":"post_tag","embeddable":true,"href":"https:\/\/chronik.noblogs.org\/index.php?rest_route=%2Fwp%2Fv2%2Ftags&post=2219"}],"curies":[{"name":"wp","href":"https:\/\/api.w.org\/{rel}","templated":true}]}}