{"id":1858,"date":"2015-11-27T00:00:37","date_gmt":"2015-11-26T22:00:37","guid":{"rendered":"http:\/\/chronik.blackblogs.org\/?p=1858"},"modified":"2015-11-27T00:00:37","modified_gmt":"2015-11-26T22:00:37","slug":"afd-buero-angegriffen","status":"publish","type":"post","link":"https:\/\/chronik.noblogs.org\/?p=1858","title":{"rendered":"AfD-B\u00fcro angegriffen"},"content":{"rendered":"<p><strong><a href=\"https:\/\/chronik.blackblogs.org\/wp-content\/uploads\/sites\/109\/2015\/11\/160655.jpg\"><img loading=\"lazy\" decoding=\"async\" class=\"alignright size-medium wp-image-1860\" src=\"https:\/\/chronik.blackblogs.org\/wp-content\/uploads\/sites\/109\/2015\/11\/160655-300x200.jpg\" alt=\"160655\" width=\"300\" height=\"200\" srcset=\"https:\/\/chronik.noblogs.org\/files\/2015\/11\/160655-300x200.jpg 300w, https:\/\/chronik.noblogs.org\/files\/2015\/11\/160655-768x512.jpg 768w, https:\/\/chronik.noblogs.org\/files\/2015\/11\/160655-1024x683.jpg 1024w\" sizes=\"auto, (max-width: 300px) 100vw, 300px\" \/><\/a>Dinslaken<\/strong>, 27. November 2015<\/p>\n<blockquote><p>Am Freitag den 27.11. hatten wir nicht nur den &#8220;Mut zur Wahrheit&#8221; sondern auch den &#8220;Willen zur Tat&#8221; und haben im Kontext des bevorstehenden AfD-Bundesparteitags in Hannover, das B\u00fcro der AfD-Dinslaken im Kreis Wesel gel\u00fcftet und innen, wie aussen neu eingef\u00e4rbt. Wir dachten uns, dass frische Luft und ein bisschen mehr Farbe im Leben den spie\u00dfb\u00fcrgerlich-konservativen und vorallem rassistischen, heterosexistischen Arschl\u00f6chern mal gut t\u00e4te. Lasst das neue Ambiente auf euch wirken und passt auf eure Gartenzwerge auf!<br \/>\n<!--more--><br \/>\nAn dieser Stelle noch solidarische Gr\u00fc\u00dfe an alle Menschen die sich am 28.11. an den Protesten in Hannover beteiligt haben! Gegen Nationalismus und Patriarchat!<\/p>\n<p>F\u00fcr eine Alternative zu Deutschland.<\/p><\/blockquote>\n<p><strong>Quelle<\/strong>: <a href=\"https:\/\/linksunten.indymedia.org\/de\/node\/160704\">Linksunten<\/a><\/p>\n<p>&nbsp;<\/p>\n<p>&nbsp;<\/p>\n<p>Presse:<br \/>\n<strong>Rheinische Post<\/strong>: <a href=\"https:\/\/linksunten.indymedia.org\/de\/node\/160654\">Farbanschlag auf Kreistagsb\u00fcro der AfD<\/a><\/p>\n<p>&nbsp;<\/p>\n<p>&nbsp;<\/p>\n<p><strong>Polizei<\/strong>:<\/p>\n<blockquote><p>Dinslaken (ots) &#8211; Bislang unbekannte Personen schlugen in der Nacht zum Samstag die Verglasung an einem an der Albrecht-D\u00fcrer-Strasse gelegenen Parteib\u00fcro der AfD ein. Durch die entstandene \u00d6ffnung wurde rosa Lackfarbe in die B\u00fcror\u00e4ume gegossen \/ gespritzt. Teile des Mobiliars wurden durch die Farbe benetzt.<br \/>\nDie Ermittlungen dauern an.<\/p><\/blockquote>\n","protected":false},"excerpt":{"rendered":"<p>Dinslaken, 27. November 2015 Am Freitag den 27.11. hatten wir nicht nur den &#8220;Mut zur Wahrheit&#8221; sondern auch den &#8220;Willen zur Tat&#8221; und haben im Kontext des bevorstehenden AfD-Bundesparteitags in Hannover, das B\u00fcro der AfD-Dinslaken im Kreis Wesel gel\u00fcftet und innen, wie aussen neu eingef\u00e4rbt. Wir dachten uns, dass frische Luft und ein bisschen mehr [&hellip;]<\/p>\n","protected":false},"author":12080,"featured_media":0,"comment_status":"closed","ping_status":"closed","sticky":false,"template":"","format":"standard","meta":{"footnotes":""},"categories":[2],"tags":[50],"class_list":["post-1858","post","type-post","status-publish","format-standard","hentry","category-de","tag-dinslaken"],"_links":{"self":[{"href":"https:\/\/chronik.noblogs.org\/index.php?rest_route=\/wp\/v2\/posts\/1858","targetHints":{"allow":["GET"]}}],"collection":[{"href":"https:\/\/chronik.noblogs.org\/index.php?rest_route=\/wp\/v2\/posts"}],"about":[{"href":"https:\/\/chronik.noblogs.org\/index.php?rest_route=\/wp\/v2\/types\/post"}],"author":[{"embeddable":true,"href":"https:\/\/chronik.noblogs.org\/index.php?rest_route=\/wp\/v2\/users\/12080"}],"replies":[{"embeddable":true,"href":"https:\/\/chronik.noblogs.org\/index.php?rest_route=%2Fwp%2Fv2%2Fcomments&post=1858"}],"version-history":[{"count":0,"href":"https:\/\/chronik.noblogs.org\/index.php?rest_route=\/wp\/v2\/posts\/1858\/revisions"}],"wp:attachment":[{"href":"https:\/\/chronik.noblogs.org\/index.php?rest_route=%2Fwp%2Fv2%2Fmedia&parent=1858"}],"wp:term":[{"taxonomy":"category","embeddable":true,"href":"https:\/\/chronik.noblogs.org\/index.php?rest_route=%2Fwp%2Fv2%2Fcategories&post=1858"},{"taxonomy":"post_tag","embeddable":true,"href":"https:\/\/chronik.noblogs.org\/index.php?rest_route=%2Fwp%2Fv2%2Ftags&post=1858"}],"curies":[{"name":"wp","href":"https:\/\/api.w.org\/{rel}","templated":true}]}}