{"id":1856,"date":"2015-11-28T00:00:02","date_gmt":"2015-11-27T22:00:02","guid":{"rendered":"http:\/\/chronik.blackblogs.org\/?p=1856"},"modified":"2015-11-28T00:00:02","modified_gmt":"2015-11-27T22:00:02","slug":"farbe-und-steine-gegen-senatsverwaltung","status":"publish","type":"post","link":"https:\/\/chronik.noblogs.org\/?p=1856","title":{"rendered":"Farbe und Steine gegen Senatsverwaltung"},"content":{"rendered":"<p><strong>Berlin<\/strong>, 28. November 2015<\/p>\n<blockquote><p>Wir haben in der Nacht von Freitag auf Samstag die Berliner Senatsverwaltung f\u00fcr Integration, Arbeit und Soziales in der Oranienstra\u00dfe mit Farbe und Steinen angegriffen. Auch diese Beh\u00f6rde ist mit verantwortlich f\u00fcr das Chaos rund ums LAGeSo, in dem Gefl\u00fcchtete zum Spielball der Politik werden.<!--more--><\/p>\n<p>Das es staatlicherseits kein Interesse an einer menschenw\u00fcrdigen L\u00f6sung im Umgang mit Gefl\u00fcchteten gibt, ist offensichtlich, stattdessen werden sie gegeneinander ausgespielt und sind den Zust\u00e4nden in den Massenunterk\u00fcnften ausgesetzt.<\/p>\n<p>Die freiwillige Hilfe, durch Klamotten und Essenspenden, wird von der Stadt dankend angenommen, auch weil so die Verantwortung abgegeben werden kann und es nicht Gefahr l\u00e4uft, dass Menschen allzu offiziell an &#8220;mangelnder Hilfe&#8221; verrecken m\u00fcssen.<\/p>\n<p>Jegliche Organisierungsans\u00e4tze von unten die dar\u00fcber hinausgehen, werden jedoch im Keim erstickt. Allzu unangenehm wurde es f\u00fcr den Senat, als am O-Platz die K\u00e4mpfe sichtbar und die Fragen anders gestellt wurden. Denn Gefl\u00fcchtete sollen dankbar die Hand hinhalten, als handelnde Subjekte m\u00f6chte man sie jedoch nicht sehen, denn dann werden auch die Konflikte deutlich, die den sozialen Frieden in diesem Land in Frage stellen w\u00fcrden.<\/p>\n<p>Deswegen wundert es nicht, dass auf jegliche Bem\u00fchungen selbstorganisiert die Initiative zu ergreifen sofort mit dem Bullenkn\u00fcppel reagiert wird.<br \/>\nTrotzdem begr\u00fc\u00dfen wir alle Arten von Besetzungsversuche und hoffen, dass irgendwann die Berliner Linie geknackt werden kann.<br \/>\nBis dahin halten wir Sachschaden und Angriffe auf Verantwortliche f\u00fcr eine ad\u00e4quate Antwort!<\/p><\/blockquote>\n<p><strong>Quelle<\/strong>: <a href=\"https:\/\/linksunten.indymedia.org\/de\/node\/160712\">Linksunten<\/a><\/p>\n","protected":false},"excerpt":{"rendered":"<p>Berlin, 28. November 2015 Wir haben in der Nacht von Freitag auf Samstag die Berliner Senatsverwaltung f\u00fcr Integration, Arbeit und Soziales in der Oranienstra\u00dfe mit Farbe und Steinen angegriffen. Auch diese Beh\u00f6rde ist mit verantwortlich f\u00fcr das Chaos rund ums LAGeSo, in dem Gefl\u00fcchtete zum Spielball der Politik werden.<\/p>\n","protected":false},"author":12080,"featured_media":0,"comment_status":"closed","ping_status":"closed","sticky":false,"template":"","format":"standard","meta":{"footnotes":""},"categories":[2],"tags":[24],"class_list":["post-1856","post","type-post","status-publish","format-standard","hentry","category-de","tag-berlin"],"_links":{"self":[{"href":"https:\/\/chronik.noblogs.org\/index.php?rest_route=\/wp\/v2\/posts\/1856","targetHints":{"allow":["GET"]}}],"collection":[{"href":"https:\/\/chronik.noblogs.org\/index.php?rest_route=\/wp\/v2\/posts"}],"about":[{"href":"https:\/\/chronik.noblogs.org\/index.php?rest_route=\/wp\/v2\/types\/post"}],"author":[{"embeddable":true,"href":"https:\/\/chronik.noblogs.org\/index.php?rest_route=\/wp\/v2\/users\/12080"}],"replies":[{"embeddable":true,"href":"https:\/\/chronik.noblogs.org\/index.php?rest_route=%2Fwp%2Fv2%2Fcomments&post=1856"}],"version-history":[{"count":0,"href":"https:\/\/chronik.noblogs.org\/index.php?rest_route=\/wp\/v2\/posts\/1856\/revisions"}],"wp:attachment":[{"href":"https:\/\/chronik.noblogs.org\/index.php?rest_route=%2Fwp%2Fv2%2Fmedia&parent=1856"}],"wp:term":[{"taxonomy":"category","embeddable":true,"href":"https:\/\/chronik.noblogs.org\/index.php?rest_route=%2Fwp%2Fv2%2Fcategories&post=1856"},{"taxonomy":"post_tag","embeddable":true,"href":"https:\/\/chronik.noblogs.org\/index.php?rest_route=%2Fwp%2Fv2%2Ftags&post=1856"}],"curies":[{"name":"wp","href":"https:\/\/api.w.org\/{rel}","templated":true}]}}