{"id":174,"date":"2015-07-23T00:00:00","date_gmt":"2015-07-23T00:00:00","guid":{"rendered":"http:\/\/chronik.blackblogs.org\/?p=174"},"modified":"2015-07-23T00:00:00","modified_gmt":"2015-07-23T00:00:00","slug":"farbe-gegen-spd-zentrale","status":"publish","type":"post","link":"https:\/\/chronik.noblogs.org\/?p=174","title":{"rendered":"Farbe gegen SPD-Zentrale"},"content":{"rendered":"<p><strong><a href=\"https:\/\/chronik.blackblogs.org\/wp-content\/uploads\/sites\/109\/2015\/07\/149275.jpg\"><img loading=\"lazy\" decoding=\"async\" class=\"alignright size-medium wp-image-175\" src=\"https:\/\/chronik.blackblogs.org\/wp-content\/uploads\/sites\/109\/2015\/07\/149275-300x225.jpg\" alt=\"149275\" width=\"300\" height=\"225\" srcset=\"https:\/\/chronik.noblogs.org\/files\/2015\/07\/149275-300x225.jpg 300w, https:\/\/chronik.noblogs.org\/files\/2015\/07\/149275-768x576.jpg 768w, https:\/\/chronik.noblogs.org\/files\/2015\/07\/149275-1024x768.jpg 1024w\" sizes=\"auto, (max-width: 300px) 100vw, 300px\" \/><\/a>K\u00f6ln<\/strong>, 23. Juli 2015<\/p>\n<blockquote><p>[K\u00f6ln] Unsere Antwort auf das Suruc-Massaker: Rote Farbe auf der SPD-Heuchler-Zentrale<br \/>\nSeit Donnerstag fr\u00fch steht an der rot bespritzten Fassade der SPD-Zentrale in K\u00f6ln: Blut an euren H\u00e4nden! Stoppt AKP-Support! Biji Rojava! Damit ist nun in einfachen Worten und Taten \u00fcber die SPD gesagt was sie sind: heuchlerische Imperialisten mit Blut an ihren H\u00e4nden.<\/p>\n<p>Am Montag hatten die IS-Faschisten mindestens 32 unserer GenossInnen der SGDF in der T\u00fcrkischen Grenzsstadt Suruc durch einen Selbstmordanschlag ermordet. Sie waren bei einer Pressekonferenz um ihre Solidarit\u00e4ts-Aktion f\u00fcr die demokratische Revolution in Rojava unter dem Motto &#8216;Wir haben Kobane gemeinsam verteidigt \u2013 gemeinsam bauen wir es wieder auf&#8217; bekannt zu machen.<br \/>\n<!--more--><\/p>\n<p>In der T\u00fcrkei reagierten die Massen mit revolution\u00e4ren Aktionen unter der Parole &#8216;die AKP-Regierung ist verantwortlich&#8217;.<\/p>\n<p>Auch in Deutschland war das Entsetzen \u00fcber diese blutr\u00fcnstige Tat zurecht gro\u00df, so gab es in vielen St\u00e4dten Deutschlands spontane Kundgebungen.<\/p>\n<p>Als Revolution\u00e4re in Deutschland m\u00fcssen wir uns nat\u00fcrlich Fragen: Welchen Anteil hatte die deutsche Regierung, wie m\u00fcssen wir auf diesen Anschlag reagieren?<\/p>\n<p>Angela Merkel sandte eine Trauerbotschaft \u2013 nicht etwa an die Familien der ermordeten, sondern an die t\u00fcrkische Regierung!<\/p>\n<p>Der SPD-Justizminister Heiko Maas reagierte auf den Anschlag so auf Twitter: \u201eIhre Solidarit\u00e4t bleibt unser Ansporn im Kampf gegen den Terror.\u201c<\/p>\n<p>Heuchlerischer geht\u2019s nimmer. So hat Maas erst k\u00fcrzlich eine Versch\u00e4rfung des Strafgesetzbuchs durchgebracht, mit der nicht nur deutsche IS-Terroristen f\u00fcr den Versuch nach Syrien auszureisen bestraft werden sollen, sondern auch GenossInnen aus Deutschland die sich der YPG oder den Internationalen Freiheitsbrigaden anschlie\u00dfen wollen kriminialisiert werden k\u00f6nnen.<\/p>\n<p>Diese Heuchelei reiht sich ein in die jahrelange reaktion\u00e4re Politik des deutschen Imperialismus gegen\u00fcber der T\u00fcrkei, an der die SPD mit ihren 13 Jahren Regierungsbeteiligung seit 1998 einen gro\u00dfen Anteil hat.<\/p>\n<p>Repressive Ausbildung des t\u00fcrkischen Milit\u00e4rs und der Polizei als NATO-Verb\u00fcndeter<\/p>\n<p>T\u00fcrkei als gr\u00f6\u00dfter Waffenabnehmer deutscher R\u00fcstungsindustrie<\/p>\n<p>Dauerhafte Waffenlieferung an Saudi-Arabien, die den IS offen unterst\u00fctzen<\/p>\n<p>Stationierung deutscher Patriot-Raketen an der syrischen Grenze \u2013 inklusive 400 Bundeswehrsoldaten<\/p>\n<p>Dauerhafte Verfolgung der kurdischen GenossInnen hier in Deutschland durch das PKK-Verbot<\/p>\n<p>Erst k\u00fcrzlich eine europaweit koordinierte Razia gegen vermeindliche Mitglieder der TKP\/ML, die bewaffnet in Rojava k\u00e4mpft<\/p>\n<p>&#8230;<\/p>\n<p>Genug Gr\u00fcnde um \u00fcber die SPD zu reden und konkret zu zeigen was sie sind.<\/p>\n<p>In sch\u00f6ne Worte geh\u00fcllte blutr\u00fcnstige Imperialisten!<\/p>\n<p>Geht am Samstag zu den Demonstrationen in Unterst\u00fctzung des revolution\u00e4ren Befreiungskampfs!<\/p>\n<p>Karl Liebknecht hatte es schon erkannt \u2013 der Hauptfeind steht im eigenen Land!<\/p>\n<p>Biji SGDF! Biji Rojava!<\/p><\/blockquote>\n<p><strong>Quelle<\/strong>: <a href=\"https:\/\/linksunten.indymedia.org\/de\/node\/149274\">Linksunten<\/a><\/p>\n","protected":false},"excerpt":{"rendered":"<p>K\u00f6ln, 23. Juli 2015 [K\u00f6ln] Unsere Antwort auf das Suruc-Massaker: Rote Farbe auf der SPD-Heuchler-Zentrale Seit Donnerstag fr\u00fch steht an der rot bespritzten Fassade der SPD-Zentrale in K\u00f6ln: Blut an euren H\u00e4nden! Stoppt AKP-Support! Biji Rojava! Damit ist nun in einfachen Worten und Taten \u00fcber die SPD gesagt was sie sind: heuchlerische Imperialisten mit Blut [&hellip;]<\/p>\n","protected":false},"author":12080,"featured_media":0,"comment_status":"closed","ping_status":"open","sticky":false,"template":"","format":"standard","meta":{"footnotes":""},"categories":[2],"tags":[110],"class_list":["post-174","post","type-post","status-publish","format-standard","hentry","category-de","tag-koeln"],"_links":{"self":[{"href":"https:\/\/chronik.noblogs.org\/index.php?rest_route=\/wp\/v2\/posts\/174","targetHints":{"allow":["GET"]}}],"collection":[{"href":"https:\/\/chronik.noblogs.org\/index.php?rest_route=\/wp\/v2\/posts"}],"about":[{"href":"https:\/\/chronik.noblogs.org\/index.php?rest_route=\/wp\/v2\/types\/post"}],"author":[{"embeddable":true,"href":"https:\/\/chronik.noblogs.org\/index.php?rest_route=\/wp\/v2\/users\/12080"}],"replies":[{"embeddable":true,"href":"https:\/\/chronik.noblogs.org\/index.php?rest_route=%2Fwp%2Fv2%2Fcomments&post=174"}],"version-history":[{"count":0,"href":"https:\/\/chronik.noblogs.org\/index.php?rest_route=\/wp\/v2\/posts\/174\/revisions"}],"wp:attachment":[{"href":"https:\/\/chronik.noblogs.org\/index.php?rest_route=%2Fwp%2Fv2%2Fmedia&parent=174"}],"wp:term":[{"taxonomy":"category","embeddable":true,"href":"https:\/\/chronik.noblogs.org\/index.php?rest_route=%2Fwp%2Fv2%2Fcategories&post=174"},{"taxonomy":"post_tag","embeddable":true,"href":"https:\/\/chronik.noblogs.org\/index.php?rest_route=%2Fwp%2Fv2%2Ftags&post=174"}],"curies":[{"name":"wp","href":"https:\/\/api.w.org\/{rel}","templated":true}]}}