{"id":1630,"date":"2015-09-23T00:00:39","date_gmt":"2015-09-22T22:00:39","guid":{"rendered":"http:\/\/chronik.blackblogs.org\/?p=1630"},"modified":"2015-09-23T00:00:39","modified_gmt":"2015-09-22T22:00:39","slug":"rotti-i-vetri-di-una-bettola-nazi","status":"publish","type":"post","link":"https:\/\/chronik.noblogs.org\/?p=1630","title":{"rendered":"Rotti i vetri di una bettola nazi"},"content":{"rendered":"<p><strong><a href=\"https:\/\/chronik.blackblogs.org\/wp-content\/uploads\/sites\/109\/2015\/09\/154100.jpg\"><img loading=\"lazy\" decoding=\"async\" class=\"alignright wp-image-1253\" src=\"https:\/\/chronik.blackblogs.org\/wp-content\/uploads\/sites\/109\/2015\/09\/154100-300x225.jpg\" alt=\"154100\" width=\"275\" height=\"206\" srcset=\"https:\/\/chronik.noblogs.org\/files\/2015\/09\/154100-300x225.jpg 300w, https:\/\/chronik.noblogs.org\/files\/2015\/09\/154100-768x576.jpg 768w, https:\/\/chronik.noblogs.org\/files\/2015\/09\/154100.jpg 950w\" sizes=\"auto, (max-width: 275px) 100vw, 275px\" \/><\/a>Freital<\/strong>, 23 settembre 2015<\/p>\n<blockquote><p>Nella notte di marted\u00ec a Freital sono stati infranti i vetri della bettola nazi \u201eTimba Bar\u201c. Secondo la polizia i danni ammonterebbero a circa 12.000 \u20ac. La bettola, il cui co-gestore \u00e8 Dirk J\u00e4hrling, \u00e8 un importante punto d&#8217;incontro e luogo di connessione dell&#8217;ambiente nazi locale. Dirk J\u00e4hrling ripetutamente assunse la funzione di co-organizzatore di varie manifestazioni razziste a Freital e compariva come oratore.<br \/>\n<!--more--><br \/>\nNotizia del giornale sassone:<\/p>\n<p>\u201eDanneggiati i vetri del \u201eTimba-Bar<\/p>\n<p>Ignoti tirarono dei sampietrini nei vetri. Il sindaco si distanzia dalla violenza.<\/p>\n<p>Freital. Nella notte su mercoled\u00ec sono stati danneggiati vetri del Tima-Loungebar. Secondo la polizia, con delle pietre per pavimentazione, ignoti hanno spaccato otto vetrate del locale nella Dresdner Strasse a Potschappel. Il danno \u00e8 di circa 12.000 \u20ac, nessun ferito.<\/p>\n<p>\u02bbsappiamo esattamente da dove viene\u02bc, dice Dirk J\u00e4hrling, che lavora nel bar. Il locale apparterrebbe al suo. J\u00e4hrling \u00e8 dirigente d&#8217;assemblea della manifestiazione settimanale di recente inizio dell&#8217;iniziativa \u02bbEuropa 2.0\u02bc contro \u02bbla guerra civile e la follia dell&#8217;asilo\u02bc. In primavera aveva moderato anche la manifestazione dell&#8217;iniziativa ostile ax stranierx \u02bbfreital si ribella \u2013 No al rifugio alberghiero\u02bc, facendo varie volte l&#8217;oratore. Nel Timba-Bar, inoltre, hanno luogo le cosiddette Compagnie Cittadine partecipate anche d&#8217;estremistx di destra e membri del NPD.<\/p>\n<p>\u02bb\u00c8 una reazione all&#8217;attentato contro la sede des Linken, sospetto confermato anche dalla polizia\u02bc dice Dirk J\u00e4hrling. Anche sulle pagine facebook delle \u02bbB\u00fcrgerwehr FTL \u2013 Resistenza Cittadina Freital\u02bc e \u02bbWiderstand (Resistenza) Freital\u02bc si parla di \u02bbatto di vendetta\u02bc. Scrivono anche \u02bbbastardi di sinistra, vi prenderemo tuttx!!!!!!\u02bc.<\/p>\n<p>Il collegamento \u00e8 noto<\/p>\n<p>La polizia non voleva confermare una connessione tra gli attentati alle case dex richiedenti l&#8217;asilo e l&#8217;ufficio della Linkspartei di finde settimana. \u02bb\u00c8 ancora presto per valutare\u02bc, dice il portavoce della polizia Marco Laske. La polizia investigherebbe a 360\u00b0. \u02bbCi \u00e8 nota la connessione del bar con le manifestazioni.\u02bc<\/p>\n<p>Nel frattempo, il sindaco di Freital Uwe Rumberg reagiva agli eventi degli ultimi giorni. In una \u02bbrisoluzione della citt\u00e0 di Freital contro ogni estremismo\u02bc la citt\u00e0 si distanziava esplicitamente da ogni violenza. \u02bbincitiamo le cittadine e i cittadini di risolvere ogni tipo di differenza d&#8217;opinione e di conflitto d&#8217;interesse esclusivamente a livello oggettivo salvaguardando il nostro fondamentale ordine democratico e impiegheremo tutte le nostre forze per mantenere la sicurezza e l&#8217;ordine\u02bc, recita la dichiarazione. Che a Freital non ci starebbe nessuna violenza.\u201c<\/p>\n<p>Che il sindaco si distanzia dalla violenza dopo il colpo alla bettola di destra, \u00e8 una pagliacciata nei confronti di tutte le persone che la violenza razzista a Freital la subscono giorno per giorno.<\/p><\/blockquote>\n<p><strong>Fonte<\/strong>: <a href=\"https:\/\/linksunten.indymedia.org\/it\/node\/158336\">Linksunten<\/a><\/p>\n","protected":false},"excerpt":{"rendered":"<p>Freital, 23 settembre 2015 Nella notte di marted\u00ec a Freital sono stati infranti i vetri della bettola nazi \u201eTimba Bar\u201c. Secondo la polizia i danni ammonterebbero a circa 12.000 \u20ac. La bettola, il cui co-gestore \u00e8 Dirk J\u00e4hrling, \u00e8 un importante punto d&#8217;incontro e luogo di connessione dell&#8217;ambiente nazi locale. Dirk J\u00e4hrling ripetutamente assunse la [&hellip;]<\/p>\n","protected":false},"author":12080,"featured_media":0,"comment_status":"closed","ping_status":"closed","sticky":false,"template":"","format":"standard","meta":{"footnotes":""},"categories":[6],"tags":[70],"class_list":["post-1630","post","type-post","status-publish","format-standard","hentry","category-it","tag-freital"],"_links":{"self":[{"href":"https:\/\/chronik.noblogs.org\/index.php?rest_route=\/wp\/v2\/posts\/1630","targetHints":{"allow":["GET"]}}],"collection":[{"href":"https:\/\/chronik.noblogs.org\/index.php?rest_route=\/wp\/v2\/posts"}],"about":[{"href":"https:\/\/chronik.noblogs.org\/index.php?rest_route=\/wp\/v2\/types\/post"}],"author":[{"embeddable":true,"href":"https:\/\/chronik.noblogs.org\/index.php?rest_route=\/wp\/v2\/users\/12080"}],"replies":[{"embeddable":true,"href":"https:\/\/chronik.noblogs.org\/index.php?rest_route=%2Fwp%2Fv2%2Fcomments&post=1630"}],"version-history":[{"count":0,"href":"https:\/\/chronik.noblogs.org\/index.php?rest_route=\/wp\/v2\/posts\/1630\/revisions"}],"wp:attachment":[{"href":"https:\/\/chronik.noblogs.org\/index.php?rest_route=%2Fwp%2Fv2%2Fmedia&parent=1630"}],"wp:term":[{"taxonomy":"category","embeddable":true,"href":"https:\/\/chronik.noblogs.org\/index.php?rest_route=%2Fwp%2Fv2%2Fcategories&post=1630"},{"taxonomy":"post_tag","embeddable":true,"href":"https:\/\/chronik.noblogs.org\/index.php?rest_route=%2Fwp%2Fv2%2Ftags&post=1630"}],"curies":[{"name":"wp","href":"https:\/\/api.w.org\/{rel}","templated":true}]}}