{"id":15750,"date":"2022-10-06T00:00:58","date_gmt":"2022-10-05T22:00:58","guid":{"rendered":"http:\/\/chronik.blackblogs.org\/?p=15750"},"modified":"2022-10-06T00:00:58","modified_gmt":"2022-10-05T22:00:58","slug":"parteibuero-der-gruenen-eingeworfen","status":"publish","type":"post","link":"https:\/\/chronik.noblogs.org\/?p=15750","title":{"rendered":"Parteib\u00fcro der Gr\u00fcnen eingeworfen"},"content":{"rendered":"<p><strong>Berlin<\/strong>, 6. Oktober 2022<\/p>\n<blockquote><p>Wie keine andere Partei stehen die Gr\u00fcnen heute f\u00fcr eine Gesellschaft, in der es darum geht nach Au\u00dfen einen Schein des Anstands zu wahren, w\u00e4hrend Menschen \u00fcberall mit F\u00fc\u00dfen getreten werden. Von Klimaschutz keine Spur, wenn Gas- und \u00d6lvertr\u00e4ge mit Russland einer \u201eEnergiepartnerschaft\u201c mit Katar weichen oder der schon beschlossene Atomausstieg mal eben auf die lange Bank geschoben wird. Von historischer Verantwortung nichts zu sehen, wenn die deutsche Bundeswehr mit einem 100 Milliarden Euro Paket ausgestattet, wieder zu einer f\u00fchrenden Kraft in Europa werden soll. Und auch sozial nichts zu erwarten, wo Hartz IV einfach kurzerhand in \u201eB\u00fcrgergeld\u201c umbenannt wird, sich an der Situation der \u00c4rmsten aber auch dadurch nichts \u00e4ndern wird.<br \/>\n<!--more--><br \/>\nAuch deshalb haben wir in der Nacht auf den 6. Oktober, den Gr\u00fcnen im Wedding in der Malplaquet-Stra\u00dfe Steine in die Fenster geworfen.<\/p>\n<p>Anders als von uns erwartet, werden wir den \u2013 von allen Seiten proklamierten \u2013 Burgfrieden im Angesicht \u201eder\u201c Krise nicht eingehen. Zuerst einmal weil es nicht \u201edie\u201c Krise, sondern vielmehr viele verschiedene Krisen gibt, die, ganz anders als es uns erz\u00e4hlt wird im Kapitalismus die Regel und eben nicht die Ausnahme darstellen. Wo wir uns jetzt in einer Inflations- und Energiekrise befinden, \u00fcberschneidet sich diese mit der Coronakrise und folgt genauso auf Finanz- und Eurokrise, wie auf unz\u00e4hlige andere, die hier nicht alle genannt werden k\u00f6nnen.<\/p>\n<p>Doch all das hei\u00dft nicht, dass die genannten Krisen keine realen Auswirkungen auf das Leben von Menschen \u00fcberall auf der Welt h\u00e4tten. Ein entscheidender Unterschied, der immer wieder verleugnet wird ist aber, dass eben nicht alle Menschen gleich von den kapitalistischen Krisen getroffen werden. Es macht einen Unterschied, ob wir den Coronalockdown zusammengepfercht in der Platte oder aus dem Homeoffice im Ferienhaus auf Sylt erlebt haben. Es ist etwas anderes ob wir den Klimawandel am Horizont sehen und bequem in unserem E-SUV bek\u00e4mpfen oder in Fluten unser Zuhause verlieren und vor untertr\u00e4glichen Hitzewellen Schutz suchen m\u00fcssen. Es ist nicht dasselbe, wenn eine f\u00fcnfk\u00f6pfige Familie jeden Monat 150 Euro mehr f\u00fcr Strom und Gas bezahlen muss oder \u201esolidarisch\u201c auf den Standby-Modus am Smart-TV verzichtet wird.<\/p>\n<p>Lasst uns gemeinsam versuchen tats\u00e4chliche Ver\u00e4nderungen in unserer Lebensrealit\u00e4t zu erk\u00e4mpfen. Lasst uns aufh\u00f6ren \u201eBewegung zu simulieren\u201c, sondern ausprobieren, ob wir \u2013 gemeinsam und von Unten \u2013 dazu in der Lage sind den Herbst mitzugestalten. Daf\u00fcr, dass er nicht in zahnlosem Protest, Politgeschwafel oder im schlimmsten Fall in einem nationalen \u201eTreten-nach-Unten\u201c endet. Unsere Angriffe sollen Ausgangspunkt oder Ergebnis von antiautorit\u00e4rer Bildung, Vernetzung und schlussendlich Selbstorganisierung sein. In einer Zeit der Vereinzelung und generalisierten Perspektivlosigkeit ist es notwendig die uns verbliebenen Kr\u00e4fte zu b\u00fcndeln. Nicht um Widerspr\u00fcche zu gl\u00e4tten, sondern miteinander erst einmal wieder die M\u00f6glichkeiten der Diskussionen \u2013 aufbauend auf einer gemeinsamen Praxis \u2013 zu schaffen und die kollektive \u00dcberforderung im Angesicht der unz\u00e4hligen Brandherde zu \u00fcberwinden.<\/p>\n<p>Lasst uns die Initiative ergreifen, die Profiteure dieser Krisen benennen und angreifen!<\/p><\/blockquote>\n<p><strong>Quelle<\/strong>: kontrapolis.info (<a href=\"http:\/\/kontrpolioglnxrcdwwxfszih4pifyidfjgq4ktfdu6uh4nn35vjtuid.onion\/8324\/\">Tor<\/a>)<\/p>\n","protected":false},"excerpt":{"rendered":"<p>Berlin, 6. Oktober 2022 Wie keine andere Partei stehen die Gr\u00fcnen heute f\u00fcr eine Gesellschaft, in der es darum geht nach Au\u00dfen einen Schein des Anstands zu wahren, w\u00e4hrend Menschen \u00fcberall mit F\u00fc\u00dfen getreten werden. Von Klimaschutz keine Spur, wenn Gas- und \u00d6lvertr\u00e4ge mit Russland einer \u201eEnergiepartnerschaft\u201c mit Katar weichen oder der schon beschlossene Atomausstieg [&hellip;]<\/p>\n","protected":false},"author":12080,"featured_media":0,"comment_status":"closed","ping_status":"closed","sticky":false,"template":"","format":"standard","meta":{"footnotes":""},"categories":[2],"tags":[24],"class_list":["post-15750","post","type-post","status-publish","format-standard","hentry","category-de","tag-berlin"],"_links":{"self":[{"href":"https:\/\/chronik.noblogs.org\/index.php?rest_route=\/wp\/v2\/posts\/15750","targetHints":{"allow":["GET"]}}],"collection":[{"href":"https:\/\/chronik.noblogs.org\/index.php?rest_route=\/wp\/v2\/posts"}],"about":[{"href":"https:\/\/chronik.noblogs.org\/index.php?rest_route=\/wp\/v2\/types\/post"}],"author":[{"embeddable":true,"href":"https:\/\/chronik.noblogs.org\/index.php?rest_route=\/wp\/v2\/users\/12080"}],"replies":[{"embeddable":true,"href":"https:\/\/chronik.noblogs.org\/index.php?rest_route=%2Fwp%2Fv2%2Fcomments&post=15750"}],"version-history":[{"count":0,"href":"https:\/\/chronik.noblogs.org\/index.php?rest_route=\/wp\/v2\/posts\/15750\/revisions"}],"wp:attachment":[{"href":"https:\/\/chronik.noblogs.org\/index.php?rest_route=%2Fwp%2Fv2%2Fmedia&parent=15750"}],"wp:term":[{"taxonomy":"category","embeddable":true,"href":"https:\/\/chronik.noblogs.org\/index.php?rest_route=%2Fwp%2Fv2%2Fcategories&post=15750"},{"taxonomy":"post_tag","embeddable":true,"href":"https:\/\/chronik.noblogs.org\/index.php?rest_route=%2Fwp%2Fv2%2Ftags&post=15750"}],"curies":[{"name":"wp","href":"https:\/\/api.w.org\/{rel}","templated":true}]}}