{"id":15700,"date":"2022-06-22T00:00:03","date_gmt":"2022-06-21T22:00:03","guid":{"rendered":"http:\/\/chronik.blackblogs.org\/?p=15700"},"modified":"2022-06-22T00:00:03","modified_gmt":"2022-06-21T22:00:03","slug":"farbe-und-steine-gegen-blg-logistics","status":"publish","type":"post","link":"https:\/\/chronik.noblogs.org\/?p=15700","title":{"rendered":"Farbe und Steine gegen BLG Logistics"},"content":{"rendered":"<p><strong>Bremen<\/strong>, 22. Juni 2022<\/p>\n<blockquote><p>In der Nacht vom 21. auf den 22. Juni haben wir in der Bremer Innenstadt das Logistikunternehmen BLG mit Farbe und Steinen angegriffen. Unser Ziel war es die BLG als Kriegsprofiteur zu kennzeichnen und uns solidarisch mit den Streikenden zu zeigen!<\/p>\n<p>Wer ist die BLG?<\/p>\n<p>Die Bremer Lagerhaus-Gesellschaft ist ein global agierendes Seehafen- und Logistikunternehmen mit 100 Niederlassungen in 12 L\u00e4ndern. Der Hauptsitz der Firma befindet sich in Bremen, genauer gesagt in einem Geb\u00e4udekomplex in Mitte, zu welchem auch das Geb\u00e4ude des ehemaligen amerikanischen Generalkonsulats am Pr\u00e4sident-Kennedy-Platz z\u00e4hlt. Die BLG befindet sich mehrheitlich in der Hand der Stadt Bremen und ist mit 6000 Angestellten das Gr\u00f6\u00dfte hiesige Logistikunternehmen.<!--more--><br \/>\nDas Unternehmen k\u00fcmmert sich insbesondere um den Transport von Automobilen und Containern, die \u00fcber die H\u00e4fen in Bremen und Bremerhaven verschifft werden. Dar\u00fcber hinaus transportiert die BLG Munition f\u00fcr Kriegswaffen in Hochseecontainern in die ganze Welt, bspw. in die Vereinigten Arabischen Emirate, Mexiko, Marokko und die USA. 2019 allein waren es 736 Container (rund 14 Mio. Tonnen) mit Munition, die verschifft wurden.<\/p>\n<p>Damit profitiert die BLG \u2013 und mit ihr die Stadt Bremen \u2013 nicht nur von der viel zu geringen Bezahlung der hiesigen Hafenbelegschaft, sondern auch direkt von der Aufrechterhaltung von Krieg und Ausbeutung in vielen anderen L\u00e4ndern.<\/p>\n<p>Gegen die demokratische Heuchelei<\/p>\n<p>Gegenw\u00e4rtig inszeniert sich der deutsche Staat an der Seite der NATO als politische und milit\u00e4rische Kraft auf der Seite des moralisch Richtigen, Guten, Demokratischen und Freiheitlichen. Im Gegensatz zu Putins faschistischer und genozidaler Gro\u00dfraumpolitik, ist dass aber auch nicht so schwer.<\/p>\n<p>Selbstverst\u00e4ndlich wird Putins Eroberungsfeldzug ohne Waffen nicht aufzuhalten sein. Das Deutschland die Ukraine milit\u00e4risch Unterst\u00fctzt, kann aber nicht verdecken, dass die selben Politiker*innen, die das vorgehen Putins verurteilen, von den \u201elegitimen Sicherheitsinteressen\u201c des NATO-Mitgliedsstaates T\u00fcrkei gegen\u00fcber der kurdischen Selbstverwaltung sprechen. Was verurteilt wird und was unterst\u00fctzt, dar\u00fcber entscheiden machtpolitische und finanzielle Interessen. Menschenrechte und Kriegsverbrechen werden selektiv beachtet oder ignoriert. Die selbe Heuchelei zeichnet auch die deutsche R\u00fcstungspolitik aus.<\/p>\n<p>Gegenw\u00e4rtig intensiviert der t\u00fcrkische Staat seine Bem\u00fchungen f\u00fcr ein neo-osmanisches Expansionsprojekt. Gleichzeitig bleibt die T\u00fcrkei seit Jahren der gr\u00f6\u00dfte Importeur deutscher Waffen. Dabei steigt das Volumen der Exporte, trotz des offiziell verh\u00e4ngten \u201cteilweisen R\u00fcstungsexportstopps\u201c, immer weiter. 2019 allein waren es \u2013 bei einem Gesamtvolumen der Exporte von 823,6 Mio. Euro \u2013 344,6 Mio. Euro R\u00fcstungsg\u00fcter die an die T\u00fcrkei verkauft wurden.<\/p>\n<p>Westeurop\u00e4ische Demokratien pr\u00e4sentieren sich gern als Bollwerk gegen Krieg und Diktaturen, spielen aber etwa dem t\u00fcrkischen Staat bei der Verfolgung kurdischer Aktivist*innen innerhalb der EU in die H\u00e4nde. Deutsche R\u00fcstungskonzerne liefern Waffen die direkt f\u00fcr extra-legale Hinrichtungen und Massaker benutzt werden. Nachweislich etwa MAM-L-Raketen die von Drohnen aus abgefeuert werden k\u00f6nnen und von der t\u00fcrkischen Armee z.B. in Rojava und S\u00fcdkurdistan eingesetzt wurden.<\/p>\n<p>R\u00fcstungsindustrie und damit auch R\u00fcstungslogistik ist ein m\u00e4chtiges machtpolitisches Tool f\u00fcr den deutschen Staat und folgt niemals den tats\u00e4chlichen Bed\u00fcrfnissen von Menschen, die sich gegen Invasionen zur Wehr setzen. Vielmehr zielt sie ausschlie\u00dflich auf die Ausweitung der eigenen Macht.Das, ist deutsche R\u00fcstungspolitik und sie basiert auf ganz gem\u00fctlicher Schreibtischarbeit \u2013 wie in den B\u00fcros der BLG \u2013 mit Blick auf die Wallanlagen \u2026<\/p>\n<p>Solidarit\u00e4t mit der streikenden Hafenbelegschaft!<\/p>\n<p>Mut und Kraft f\u00fcr allen Mitstreiter*innen im Widerstand gegen den Krieg!<\/p>\n<p>K\u00e4mpfe verbinden!<\/p>\n<p>Standorte der BLG in Deutschland:<br \/>\nBerlin, B\u00f6blingen, Bremen, Bremerhaven, Butzbach, Cuxhaven, Dodendorf, D\u00fcsseldorf, Duisburg, Eisenach, Elsdorf, Emmerich, Erfurt, Falkenberg, Falkensee, Frankfurt, Hamburg, H\u00f6rsel, Kelheim, Koblenz, Krefeld, Leipzig, Ludwigsfelde, Melle, Neuss, Offenburg, Remshalden, Sindelfingen, Wackersdorf<\/p>\n<p>Standorte der BLG International:<br \/>\nChina, Indien, Italien, Malaysia, Polen, Russland, Slowenien, S\u00fcdafrika, T\u00fcrkei, Ukraine, USA<\/p>\n<p>Aktienanteile:<br \/>\nFreie Hansestadt Bremen, Stadtgemeinde (50,4 %)<br \/>\nFinanzholding der Sparkasse in Bremen (12,6 %)<br \/>\nPanta Re AG (12,6 %)<br \/>\nWaldemar-Koch-Stiftung (5,9 %)<\/p><\/blockquote>\n<p><strong>Quelle<\/strong>: <a href=\"http:\/\/dvqlamnbbzli62qfyt5faspxunueqdxc4csrslhcp2z3haiflnrn6dqd.onion\/node\/200941\">Indymedia<\/a> (Tor)<\/p>\n","protected":false},"excerpt":{"rendered":"<p>Bremen, 22. Juni 2022 In der Nacht vom 21. auf den 22. Juni haben wir in der Bremer Innenstadt das Logistikunternehmen BLG mit Farbe und Steinen angegriffen. Unser Ziel war es die BLG als Kriegsprofiteur zu kennzeichnen und uns solidarisch mit den Streikenden zu zeigen! Wer ist die BLG? Die Bremer Lagerhaus-Gesellschaft ist ein global [&hellip;]<\/p>\n","protected":false},"author":12080,"featured_media":0,"comment_status":"closed","ping_status":"closed","sticky":false,"template":"","format":"standard","meta":{"footnotes":""},"categories":[2],"tags":[32],"class_list":["post-15700","post","type-post","status-publish","format-standard","hentry","category-de","tag-bremen"],"_links":{"self":[{"href":"https:\/\/chronik.noblogs.org\/index.php?rest_route=\/wp\/v2\/posts\/15700","targetHints":{"allow":["GET"]}}],"collection":[{"href":"https:\/\/chronik.noblogs.org\/index.php?rest_route=\/wp\/v2\/posts"}],"about":[{"href":"https:\/\/chronik.noblogs.org\/index.php?rest_route=\/wp\/v2\/types\/post"}],"author":[{"embeddable":true,"href":"https:\/\/chronik.noblogs.org\/index.php?rest_route=\/wp\/v2\/users\/12080"}],"replies":[{"embeddable":true,"href":"https:\/\/chronik.noblogs.org\/index.php?rest_route=%2Fwp%2Fv2%2Fcomments&post=15700"}],"version-history":[{"count":0,"href":"https:\/\/chronik.noblogs.org\/index.php?rest_route=\/wp\/v2\/posts\/15700\/revisions"}],"wp:attachment":[{"href":"https:\/\/chronik.noblogs.org\/index.php?rest_route=%2Fwp%2Fv2%2Fmedia&parent=15700"}],"wp:term":[{"taxonomy":"category","embeddable":true,"href":"https:\/\/chronik.noblogs.org\/index.php?rest_route=%2Fwp%2Fv2%2Fcategories&post=15700"},{"taxonomy":"post_tag","embeddable":true,"href":"https:\/\/chronik.noblogs.org\/index.php?rest_route=%2Fwp%2Fv2%2Ftags&post=15700"}],"curies":[{"name":"wp","href":"https:\/\/api.w.org\/{rel}","templated":true}]}}