{"id":15696,"date":"2022-06-30T00:00:41","date_gmt":"2022-06-29T22:00:41","guid":{"rendered":"http:\/\/chronik.blackblogs.org\/?p=15696"},"modified":"2022-06-30T00:00:41","modified_gmt":"2022-06-29T22:00:41","slug":"angriff-auf-wohnhaus-mit-wahlkreisbuero-des-markus-frohnmaier-afd","status":"publish","type":"post","link":"https:\/\/chronik.noblogs.org\/?p=15696","title":{"rendered":"Angriff auf Wohnhaus mit Wahlkreisb\u00fcro des Markus Frohnmaier (AfD)"},"content":{"rendered":"<p><strong>Schafhausen (Weil der Stadt)<\/strong>, 30. Juni 2022<\/p>\n<blockquote><p>In der Nacht vom 29. auf den 30. Juli haben wir das Haus von Markus Frohnmaier in der Neuffenstra\u00dfe 4 in Weil der Stadt-Schafehausen angegriffen.<\/p>\n<p>Markus Frohnmaier ist aktueller Sprecher und stellvertretender Landesvorsitzender der AfD BW und sitzt f\u00fcr die AfD im Bundestag.<br \/>\nFrohnmaier ist seit 2015 in der AfD aktiv, hat die \u201eJunge Alternative\u201c mit aufgebaut und war einige Jahre deren Landesvorsitzender in BW. Er geh\u00f6rt zu den Hardliner innerhalb AfD, so z\u00e4hlt er zu den Erstunterzeichnern der Erfurter Resolution (\u201eGr\u00fcndungserkl\u00e4rung\u201c des Fl\u00fcgels) und sprach als Redner beim sogenannten Kyffh\u00e4usertreffen (Treffen des faschistischen Fl\u00fcgels).<\/p>\n<p>Aktuell ist von Frohnmaier in der Presse zu lesen, weil er als Sprecher der AfD die Auseinandersetzung rund um den AfD Landesparteitag in Stuttgart in bekannter AfD-Manier hetzerisch kommentiert.<!--more--><br \/>\nNachdem durch \u00f6ffentlichen Druck der AfD die Halle f\u00fcr ihren Landesparteitag aufgek\u00fcndigt wurde, kann dieser nun durch eine Klage der AfD doch am 2. und 3. Juli in Stuttgart stattfinden.<br \/>\nEinen Vorgeschmack in welche Richtung sich der kommende Landesparteitag und damit und auch die Zukunft der AfD BW entwickeln kann, zeigt bereits der Bundesparteitag der AfD, der am vergangenen Wochenende in Riesa stattgefunden hat:<br \/>\nauch wenn der faschistische Fl\u00fcgel um H\u00f6cke noch nicht an der Spitze des Bundesvorstand steht, konnten er doch seinen Einfluss erheblich ausbauen und die Partei ein weiters mal nach Rechts f\u00fchren.<\/p>\n<p>\u00c4hnliche Tendenzen sind auch beim kommenden Landesparteitag der AfD BW zu erwarten. Nachdem Alice Weidel den Posten der Landesvorsitzenden r\u00e4umt (eigentlich sollte sie den zerstrittenen Landesverband befrieden), steht der Platz frei f\u00fcr Kandidaten, die diesen Kurs auch in Baden W\u00fcrttemberg weiter befeuern.<\/p>\n<p>Sowohl die gewonnene Klage der AfD, als auch die stetige Entwicklung nach Rechts innerhalb der AfD verdeutlichen f\u00fcr uns erneut die Notwendigkeit selbst konsequent gegen Rechts vorzugehen und ihre Hetze nicht unwidersprochen stehen zu lassen.<\/p>\n<p>Deshalb haben wir Markus Frohnmaiers Familienhaus (mit seinen Eltern Jutta und Wolfgang Frohnmaier) und Wahlkreisb\u00fcro in der Neuffenstra\u00dfe 4 mit Butters\u00e4ure verunreinigt, mit Farbe beschmiert und den Schriftzug Fuck AfD\/ Schei\u00df Nazis hinterlassen.<\/p>\n<p>Denn ganz egal ob Landeparteitag oder zu Hause.<br \/>\nAfD\u2019ler sein bedeutet Probleme kriegen.<\/p><\/blockquote>\n<p><strong>Quelle<\/strong>: Indymedia<\/p>\n","protected":false},"excerpt":{"rendered":"<p>Schafhausen (Weil der Stadt), 30. Juni 2022 In der Nacht vom 29. auf den 30. Juli haben wir das Haus von Markus Frohnmaier in der Neuffenstra\u00dfe 4 in Weil der Stadt-Schafehausen angegriffen. Markus Frohnmaier ist aktueller Sprecher und stellvertretender Landesvorsitzender der AfD BW und sitzt f\u00fcr die AfD im Bundestag. Frohnmaier ist seit 2015 in [&hellip;]<\/p>\n","protected":false},"author":12080,"featured_media":0,"comment_status":"closed","ping_status":"closed","sticky":false,"template":"","format":"standard","meta":{"footnotes":""},"categories":[2],"tags":[412],"class_list":["post-15696","post","type-post","status-publish","format-standard","hentry","category-de","tag-schafhausen"],"_links":{"self":[{"href":"https:\/\/chronik.noblogs.org\/index.php?rest_route=\/wp\/v2\/posts\/15696","targetHints":{"allow":["GET"]}}],"collection":[{"href":"https:\/\/chronik.noblogs.org\/index.php?rest_route=\/wp\/v2\/posts"}],"about":[{"href":"https:\/\/chronik.noblogs.org\/index.php?rest_route=\/wp\/v2\/types\/post"}],"author":[{"embeddable":true,"href":"https:\/\/chronik.noblogs.org\/index.php?rest_route=\/wp\/v2\/users\/12080"}],"replies":[{"embeddable":true,"href":"https:\/\/chronik.noblogs.org\/index.php?rest_route=%2Fwp%2Fv2%2Fcomments&post=15696"}],"version-history":[{"count":0,"href":"https:\/\/chronik.noblogs.org\/index.php?rest_route=\/wp\/v2\/posts\/15696\/revisions"}],"wp:attachment":[{"href":"https:\/\/chronik.noblogs.org\/index.php?rest_route=%2Fwp%2Fv2%2Fmedia&parent=15696"}],"wp:term":[{"taxonomy":"category","embeddable":true,"href":"https:\/\/chronik.noblogs.org\/index.php?rest_route=%2Fwp%2Fv2%2Fcategories&post=15696"},{"taxonomy":"post_tag","embeddable":true,"href":"https:\/\/chronik.noblogs.org\/index.php?rest_route=%2Fwp%2Fv2%2Ftags&post=15696"}],"curies":[{"name":"wp","href":"https:\/\/api.w.org\/{rel}","templated":true}]}}