{"id":15693,"date":"2022-06-26T00:00:26","date_gmt":"2022-06-25T22:00:26","guid":{"rendered":"http:\/\/chronik.blackblogs.org\/?p=15693"},"modified":"2022-06-26T00:00:26","modified_gmt":"2022-06-25T22:00:26","slug":"farbe-gegen-muenchener-rueck","status":"publish","type":"post","link":"https:\/\/chronik.noblogs.org\/?p=15693","title":{"rendered":"Farbe gegen &#8220;M\u00fcnchener R\u00fcck&#8221;"},"content":{"rendered":"<p><strong><a href=\"https:\/\/chronik.blackblogs.org\/wp-content\/uploads\/sites\/109\/2022\/07\/85832.jpg\"><img loading=\"lazy\" decoding=\"async\" class=\"alignright size-medium wp-image-15694\" src=\"https:\/\/chronik.blackblogs.org\/wp-content\/uploads\/sites\/109\/2022\/07\/85832-300x186.jpg\" alt=\"\" width=\"300\" height=\"186\"><\/a>M\u00fcnchen<\/strong>, 26. Juni 2022<\/p>\n<blockquote><p>In der Nacht von Samstag auf Sonntag haben wir die Zentrale der M\u00fcnchner R\u00fcckversicherungen in der K\u00f6niginstra\u00dfe 107 mit Farbe angegriffen.<\/p>\n<p>Die M\u00fcnchner Re ist ein Milliarden-Euro-Konzern. Einen Grundstock f\u00fcr dieses Kapital raubte die Versicherungsgesellschaft von j\u00fcdischen Menschen w\u00e4hrend der Zeit des Nationalsozialismus und die Versicherungen f\u00fcr die SS.<\/p>\n<p>Heute bem\u00fcht sich der Konzern um ein besseres Image. Als weltweit agierendes Versicherungsunternehmen k\u00fcndigte die M\u00fcnchner Re 2018 an aus der Versicherung von fossilen Brennstoffen auszusteigen. Gleichzeitig \u00fcbernimmt der Konzern weiter R\u00fcckversicherungen f\u00fcr Unternehmen, die Kohlekraftwerke versichert.<!--more--><\/p>\n<p>Von einer direkten Beteiligung trennt die M\u00fcnchner Re also genau ein Vertrag. Auch die Klausel sich nicht an Konzernen zu beteiligen, die mehr als 30% ihrer Profite aus Kohle ziehen, verliert massiv an Wert, wenn man bedenkt, dass selbst RWE nicht in diese Kategorie f\u00e4llt. Die Tatsache, dass die Klauseln nur f\u00fcr Industriel\u00e4nder gilt, fasst die Strategie treffend zusammen: W\u00e4hrend man sich in und mit Deutschland und Europa als gr\u00fcnes Unternehmen pr\u00e4sentiert, macht man weiter Profite mit unmenschlicher Bergwerksarbeit, umweltsch\u00e4dlichen Megaprojekten und die Verbrennung von Kohle.<\/p>\n<p>Um diese globale Strategie des deutschen Kapitals politisch abzusichern, treffen sich mit den G7 die Staats- und Regierungschefs der selbsternannten wichtigsten Industrienationen auf Schloss Elmau. Dieser exklusive Club f\u00fchrender imperialistischer M\u00e4chte versucht sich der Welt gegen\u00fcber als vern\u00fcnftige und zur Zeit klimafreundliche Weltregierung darstellen, w\u00e4hrend ihnen jedes Mittel Recht ist, ihr nationales Kapital im internationalen Wettbewerb einen Vorteil zu verschaffen. Weder die arbeitenden Menschen in ihren eigenen Staaten und noch viel weniger, diejenigen in Staaten, die von ihrem Kapital ausbeuten. Obwohl die Bullen auch M\u00fcnchen f\u00fcr das Wochenende zu einer Festung gemacht haben, wollten wir es uns nicht nehmen lassen, das deutsche Kapital hinter den G7 mitten in M\u00fcnchen anzugreifen.<\/p>\n<p>Fight G7 in jedem Land!<\/p><\/blockquote>\n<p><strong>Quelle<\/strong>: <a href=\"http:\/\/dvqlamnbbzli62qfyt5faspxunueqdxc4csrslhcp2z3haiflnrn6dqd.onion\/node\/201953\">Indymedia<\/a> (Tor)<\/p>\n","protected":false},"excerpt":{"rendered":"<p>M\u00fcnchen, 26. Juni 2022 In der Nacht von Samstag auf Sonntag haben wir die Zentrale der M\u00fcnchner R\u00fcckversicherungen in der K\u00f6niginstra\u00dfe 107 mit Farbe angegriffen. Die M\u00fcnchner Re ist ein Milliarden-Euro-Konzern. Einen Grundstock f\u00fcr dieses Kapital raubte die Versicherungsgesellschaft von j\u00fcdischen Menschen w\u00e4hrend der Zeit des Nationalsozialismus und die Versicherungen f\u00fcr die SS. Heute bem\u00fcht [&hellip;]<\/p>\n","protected":false},"author":12080,"featured_media":0,"comment_status":"closed","ping_status":"closed","sticky":false,"template":"","format":"standard","meta":{"footnotes":""},"categories":[2],"tags":[138],"class_list":["post-15693","post","type-post","status-publish","format-standard","hentry","category-de","tag-muenchen"],"_links":{"self":[{"href":"https:\/\/chronik.noblogs.org\/index.php?rest_route=\/wp\/v2\/posts\/15693","targetHints":{"allow":["GET"]}}],"collection":[{"href":"https:\/\/chronik.noblogs.org\/index.php?rest_route=\/wp\/v2\/posts"}],"about":[{"href":"https:\/\/chronik.noblogs.org\/index.php?rest_route=\/wp\/v2\/types\/post"}],"author":[{"embeddable":true,"href":"https:\/\/chronik.noblogs.org\/index.php?rest_route=\/wp\/v2\/users\/12080"}],"replies":[{"embeddable":true,"href":"https:\/\/chronik.noblogs.org\/index.php?rest_route=%2Fwp%2Fv2%2Fcomments&post=15693"}],"version-history":[{"count":0,"href":"https:\/\/chronik.noblogs.org\/index.php?rest_route=\/wp\/v2\/posts\/15693\/revisions"}],"wp:attachment":[{"href":"https:\/\/chronik.noblogs.org\/index.php?rest_route=%2Fwp%2Fv2%2Fmedia&parent=15693"}],"wp:term":[{"taxonomy":"category","embeddable":true,"href":"https:\/\/chronik.noblogs.org\/index.php?rest_route=%2Fwp%2Fv2%2Fcategories&post=15693"},{"taxonomy":"post_tag","embeddable":true,"href":"https:\/\/chronik.noblogs.org\/index.php?rest_route=%2Fwp%2Fv2%2Ftags&post=15693"}],"curies":[{"name":"wp","href":"https:\/\/api.w.org\/{rel}","templated":true}]}}