{"id":15629,"date":"2022-05-25T00:00:18","date_gmt":"2022-05-24T22:00:18","guid":{"rendered":"http:\/\/chronik.blackblogs.org\/?p=15629"},"modified":"2022-05-25T00:00:18","modified_gmt":"2022-05-24T22:00:18","slug":"hertz-transporter-angezuendet-2","status":"publish","type":"post","link":"https:\/\/chronik.noblogs.org\/?p=15629","title":{"rendered":"Hertz-Transporter angez\u00fcndet"},"content":{"rendered":"<p><strong><a href=\"https:\/\/chronik.blackblogs.org\/wp-content\/uploads\/sites\/109\/2022\/06\/eins.jpg\"><img loading=\"lazy\" decoding=\"async\" class=\"alignright size-medium wp-image-15630\" src=\"https:\/\/chronik.blackblogs.org\/wp-content\/uploads\/sites\/109\/2022\/06\/eins-300x169.jpg\" alt=\"\" width=\"300\" height=\"169\"><\/a>Berlin<\/strong>, 25. Mai 2022<\/p>\n<blockquote><p>Mit einfachen Mitteln sabotieren wir die Infrastruktur des Feindes. Das der Autovermieter Hertz ein Gegner ist, wurde nicht erst durch einen Angriff auf ihre Filiale und weitere Br\u00e4nde ihrer Fahrzeugflotte in Athen bekannt. Nicht nur die griechische Polizei wird von Hertz zu bevorzugten Konditionen mit Fahrzeugen ausger\u00fcstet, auch in anderen Staaten werden aktive und ehemalige Bullen und Milit\u00e4rs laut Eigenwerbung unterst\u00fctzt.<\/p>\n<p>Hertz geh\u00f6rt zu den Firmen, die den stetigen Zwang zur Mobilit\u00e4t forcieren. Alles und Jede\/r muss immer sofort \u00fcberall verf\u00fcgbar sein. Lieferdienste, Mietfahrzeuge und Uber dominieren inzwischen den Verkehr in den St\u00e4dten. Nebenbei erstellen sie Datensammlungen \u00fcber bewegte Sachen und Personen f\u00fcr die Fahndungscomputer der Polizei, Hertz auch indem sie Fahrer*innen w\u00e4hrend der Fahrt filmen.<br \/>\n<!--more--><br \/>\nIm sozialen Krieg und im Krieg Staat gegen Staat, stehen wir Fahnenlos an der Seite der Unterdr\u00fcckten gegen die Unterdr\u00fccker und Hertz steht auf der Seite der Macht, mal unter der griechischen Fahne in den Jeeps von OPKE, mal unter der US Fahne an den Trucks der Nationalgarde oder unter der Fahne des Kapitals an ihren Transportern, mit denen sie in Deutschland von dem Zwang der Mierter*innen zum st\u00e4ndigen Umzug aus teuren Wohnungen profitieren.<\/p>\n<p>In der Nacht zum 25. Mai z\u00fcndeten wir einen Lastwagen von Hertz im n\u00f6rdlichen Berliner Bezirk Reinickendorf an, als minimales Zeichen unserer Solidarit\u00e4t f\u00fcr Giannis Michailidis, der sich seit dem 23. Mai im Knast von Malandrinos im Hungerstreik befindet.<\/p>\n<p>Viel Kraft und Freiheit w\u00fcnschen wir auch Lina, die seit 18 Monaten in Untersuchungshaft sitzt.<\/p>\n<p>Gleichzeitig steht unsere Aktion im Rahmen \u00e4hnlicher Taten weltweit, die alles zu Asche brennen, was f\u00fcr den Krieg von Nutzen sein kann.<\/p>\n<p>\u2026 bis zur Zerst\u00f6rung des letzten K\u00e4figs. (A)<\/p><\/blockquote>\n<p><strong>Quelle<\/strong>: Indymedia (<a href=\"http:\/\/dvqlamnbbzli62qfyt5faspxunueqdxc4csrslhcp2z3haiflnrn6dqd.onion\/node\/193184\">Tor<\/a>)<\/p>\n","protected":false},"excerpt":{"rendered":"<p>Berlin, 25. Mai 2022 Mit einfachen Mitteln sabotieren wir die Infrastruktur des Feindes. Das der Autovermieter Hertz ein Gegner ist, wurde nicht erst durch einen Angriff auf ihre Filiale und weitere Br\u00e4nde ihrer Fahrzeugflotte in Athen bekannt. Nicht nur die griechische Polizei wird von Hertz zu bevorzugten Konditionen mit Fahrzeugen ausger\u00fcstet, auch in anderen Staaten [&hellip;]<\/p>\n","protected":false},"author":12080,"featured_media":0,"comment_status":"closed","ping_status":"closed","sticky":false,"template":"","format":"standard","meta":{"footnotes":""},"categories":[2],"tags":[24],"class_list":["post-15629","post","type-post","status-publish","format-standard","hentry","category-de","tag-berlin"],"_links":{"self":[{"href":"https:\/\/chronik.noblogs.org\/index.php?rest_route=\/wp\/v2\/posts\/15629","targetHints":{"allow":["GET"]}}],"collection":[{"href":"https:\/\/chronik.noblogs.org\/index.php?rest_route=\/wp\/v2\/posts"}],"about":[{"href":"https:\/\/chronik.noblogs.org\/index.php?rest_route=\/wp\/v2\/types\/post"}],"author":[{"embeddable":true,"href":"https:\/\/chronik.noblogs.org\/index.php?rest_route=\/wp\/v2\/users\/12080"}],"replies":[{"embeddable":true,"href":"https:\/\/chronik.noblogs.org\/index.php?rest_route=%2Fwp%2Fv2%2Fcomments&post=15629"}],"version-history":[{"count":0,"href":"https:\/\/chronik.noblogs.org\/index.php?rest_route=\/wp\/v2\/posts\/15629\/revisions"}],"wp:attachment":[{"href":"https:\/\/chronik.noblogs.org\/index.php?rest_route=%2Fwp%2Fv2%2Fmedia&parent=15629"}],"wp:term":[{"taxonomy":"category","embeddable":true,"href":"https:\/\/chronik.noblogs.org\/index.php?rest_route=%2Fwp%2Fv2%2Fcategories&post=15629"},{"taxonomy":"post_tag","embeddable":true,"href":"https:\/\/chronik.noblogs.org\/index.php?rest_route=%2Fwp%2Fv2%2Ftags&post=15629"}],"curies":[{"name":"wp","href":"https:\/\/api.w.org\/{rel}","templated":true}]}}