{"id":15625,"date":"2022-05-23T00:00:13","date_gmt":"2022-05-22T22:00:13","guid":{"rendered":"http:\/\/chronik.blackblogs.org\/?p=15625"},"modified":"2022-05-23T00:00:13","modified_gmt":"2022-05-22T22:00:13","slug":"farbeier-gegen-spd-zentrale","status":"publish","type":"post","link":"https:\/\/chronik.noblogs.org\/?p=15625","title":{"rendered":"Farbeier gegen SPD-Zentrale"},"content":{"rendered":"<p><strong>Berlin<\/strong>, 23. Mai 2022<\/p>\n<blockquote><p>In der Nacht vom 22.05. zum 23.05 haben wir, eine autonome Gruppe an Menschen, die Fasssade des Willy Brandt Haus mit einigen Farbeiern versch\u00f6nert. Die SPD hat sich schon seit langer Zeit mit ihrem ach so linken, solzialistischen Anstrich hinter leehren Worten versteckt um ihre eigentlichen Intetionen zu verschleiern. Kriegstreiberische Ma\u00dfnahmen, das unterst\u00fctzen und hochpreisen von Frontex, Scheinheilige &#8220;Solidarisierungen&#8221; mit betroffenen von Krieg und und und&#8230; Millionen an die Bundeswer legitimieren, wobei es um Emense Selbstaufr\u00fcstung geht und sich f\u00fcr schwere Waffenlieferungen ausprechen aber sich dann anschlie\u00dfend &#8220;nie wieder Krieg&#8221; an die Wand kleben. Habt ihr eigentlich lack gesoffen? Von Sozial kann da ja wohl kaum die rede sein. W\u00e4rend ihr die Farbe von eurem Schandhaus abkratzt bl\u00e4ttert auch die rot Farbe von eurem Parteilogo ab und das braun kommt zum vorschein. Sicher sei gesagt sein, das war nicht das letzte mal, Aktionen werden folgen.<\/p>\n<p>Autonome Kleingruppe<\/p><\/blockquote>\n<p><strong>Quelle<\/strong>: Indymedia (<a href=\"http:\/\/dvqlamnbbzli62qfyt5faspxunueqdxc4csrslhcp2z3haiflnrn6dqd.onion\/node\/192113\">Tor<\/a>)<\/p>\n","protected":false},"excerpt":{"rendered":"<p>Berlin, 23. Mai 2022 In der Nacht vom 22.05. zum 23.05 haben wir, eine autonome Gruppe an Menschen, die Fasssade des Willy Brandt Haus mit einigen Farbeiern versch\u00f6nert. Die SPD hat sich schon seit langer Zeit mit ihrem ach so linken, solzialistischen Anstrich hinter leehren Worten versteckt um ihre eigentlichen Intetionen zu verschleiern. Kriegstreiberische Ma\u00dfnahmen, [&hellip;]<\/p>\n","protected":false},"author":12080,"featured_media":0,"comment_status":"closed","ping_status":"closed","sticky":false,"template":"","format":"standard","meta":{"footnotes":""},"categories":[2],"tags":[24],"class_list":["post-15625","post","type-post","status-publish","format-standard","hentry","category-de","tag-berlin"],"_links":{"self":[{"href":"https:\/\/chronik.noblogs.org\/index.php?rest_route=\/wp\/v2\/posts\/15625","targetHints":{"allow":["GET"]}}],"collection":[{"href":"https:\/\/chronik.noblogs.org\/index.php?rest_route=\/wp\/v2\/posts"}],"about":[{"href":"https:\/\/chronik.noblogs.org\/index.php?rest_route=\/wp\/v2\/types\/post"}],"author":[{"embeddable":true,"href":"https:\/\/chronik.noblogs.org\/index.php?rest_route=\/wp\/v2\/users\/12080"}],"replies":[{"embeddable":true,"href":"https:\/\/chronik.noblogs.org\/index.php?rest_route=%2Fwp%2Fv2%2Fcomments&post=15625"}],"version-history":[{"count":0,"href":"https:\/\/chronik.noblogs.org\/index.php?rest_route=\/wp\/v2\/posts\/15625\/revisions"}],"wp:attachment":[{"href":"https:\/\/chronik.noblogs.org\/index.php?rest_route=%2Fwp%2Fv2%2Fmedia&parent=15625"}],"wp:term":[{"taxonomy":"category","embeddable":true,"href":"https:\/\/chronik.noblogs.org\/index.php?rest_route=%2Fwp%2Fv2%2Fcategories&post=15625"},{"taxonomy":"post_tag","embeddable":true,"href":"https:\/\/chronik.noblogs.org\/index.php?rest_route=%2Fwp%2Fv2%2Ftags&post=15625"}],"curies":[{"name":"wp","href":"https:\/\/api.w.org\/{rel}","templated":true}]}}