{"id":15616,"date":"2022-05-21T00:00:22","date_gmt":"2022-05-20T22:00:22","guid":{"rendered":"http:\/\/chronik.blackblogs.org\/?p=15616"},"modified":"2022-05-21T00:00:22","modified_gmt":"2022-05-20T22:00:22","slug":"farbe-und-steine-gegen-polnisches-konsulat","status":"publish","type":"post","link":"https:\/\/chronik.noblogs.org\/?p=15616","title":{"rendered":"Farbe und Steine gegen Polnisches Konsulat"},"content":{"rendered":"<p><strong><a href=\"https:\/\/chronik.blackblogs.org\/wp-content\/uploads\/sites\/109\/2022\/06\/generalkonsulat.jpg\"><img loading=\"lazy\" decoding=\"async\" class=\"alignright size-medium wp-image-15617\" src=\"https:\/\/chronik.blackblogs.org\/wp-content\/uploads\/sites\/109\/2022\/06\/generalkonsulat-300x169.jpg\" alt=\"\" width=\"300\" height=\"169\"><\/a>Hamburg<\/strong>, 21. Mai 2022<\/p>\n<blockquote><p>\u201e&#8230;Bereits vor Wochen hat die polnische Regierung den Bau einer Mauer an der Belarussischen Grenze angek\u00fcndigt. Der Bau hat bereits begonnen und wird in den n\u00e4chsten Monaten mit Hilfe britischer Pioniertruppen und mehrerer polnischer und internationaler Stahl- und Materialfirmen kontinuierlich fortgesetzt&#8230;\u201c<\/p>\n<p>Fr\u00fch am 21. Mai wurde das Polnische Konsulat in Hamburg (Gr\u00fcndgensstra\u00dfe 20) mit Farbe und Steinen angegriffen. Auf einer Zufahrtsstra\u00dfe brannten Barrikaden.<br \/>\nSeit Anfang des Jahres wird f\u00fcr Millionen ein weiterer befestigter Zaun an einer EU-Aussengrenze gebaut, der die rassistische Herrschaft Europas und ihren Wohlstand sichern soll. Im letzten Urwald Europas, zwischen Belarus und Polen, erfrieren gefl\u00fcchtete Menschen, sie werden misshandelt und letztendlich in Lager gesperrt, die Gef\u00e4ngnisse sind, und von wo aus sie wieder dorthin abgeschoben werden, wo sie Armut, Gewalt, Elend \u2026, der Wunsch nach anderen Lebensbedingungen zur Flucht gebracht haben.<br \/>\n<!--more--><br \/>\nSeit dem Beginn der russischen Invasion in der Ukraine und dem blutigen tobenden Krieg dort sind viele Millionen Menschen aus der Ukraine geflohen. Die Reaktion in Deutschland und anderen europ\u00e4ischen L\u00e4ndern ist ganz anders als gewohnt. Es scheint gar unendliche Ressourcen und Bereitschaft f\u00fcr humanit\u00e4re Hilfe in dieser Krise zu geben (und die Unterst\u00fctzung und Solidarit\u00e4t f\u00fcr ALLE Menschen, die dem Krieg entfliehen ist absolut richtig). Staaten, besonders der polnische Staat, und Politiker:innen, wie beispielsweise Orban in Ungarn, die die letzten Jahre besonders durch ihre rassistische und misogyne Politik auffielen, sind auf einmal wieder akzeptierte hilfsbereite Europ\u00e4er:innen. Es herrscht Einigkeit. Warum?! Weil es sich abgesehen von strategischem Lagerdenken zu einem gro\u00dfen Teil um wei\u00dfe Menschen handelt, die aus der Ukraine fliehen. Wei\u00dfe Vorherrschaft bahnt sich ihren Weg und findet sich in all unseren K\u00f6pfen wieder. Gerade deswegen sollten gerade jetzt die besonders unterst\u00fctzt werden, von denen nicht gesprochen wird, die keine Lobby haben, die egal an welchem Ort die Ausgeschlossenen sein werden, wenn wir nicht anfangen dieser Schei\u00dfe etwas entgegen zu setzen. Solidarit\u00e4t mit den Black und People of Colour auf der Flucht sowie im rassistischen Alltag. Solidarit\u00e4t mit den Sinti und Roma, denen die Ausreise aus der Ukraine verwehrt wird.<\/p>\n<p>Homophobe und sexistische Politik, Gesetzgebung und Bildung sind der jahrelange Kurs der PIS-Partei und ihrer Anh\u00e4nger:innen. Es gibt au\u00dferdem ein de facto Abtreibungsverbot in Polen. Diese Aktion ist auch ein solidarischer Gru\u00df an die Frauen* und die LGTBQ Community, die in Polen gegen diese Schei\u00dfe k\u00e4mpfen.<\/p>\n<p>In Zeiten wie diesen zeigt sich die Staatlichkeit von ihrer h\u00e4sslichsten Seite und die nationale, europ\u00e4ische, militaristische Hegemonie l\u00e4sst uns die Haare zu Berge stehen und die Kotze hochkommen. Staaten, Grenzen und all diese freiheits-feindlichen Konstrukte und Strukturen m\u00fcssen angegriffen werden, denn sie k\u00f6nnen nicht verbessert, nicht reformiert werden.<\/p>\n<p>Bilden wir Netzwerke, Strukturen und Beziehungen, die sich der Herrschaft verweigern.<\/p>\n<p>Solidarit\u00e4t, Mut und Ausdauer f\u00fcr die, die diese Verh\u00e4ltnisse und Ordnung beenden wollen.<\/p>\n<p>Solidarit\u00e4t mit den selbstorganisierten Strukturen, die an der Polnisch-Belarussischen Grenze gegen die Unterdr\u00fcckung von Menschen k\u00e4mpfen und ihnen zur Flucht verhelfen.<\/p>\n<p>Solidarit\u00e4t mit den selbstorganisierten Strukturen, die an der Polnisch-Ukrainischen Grenze denen Helfen, die vor dem Krieg fliehen und Widerstand gegen diesen leisten.<\/p>\n<p>Solidarit\u00e4t mit den bei der Demo gegen den polnischen Abschiebe-Knast in Krosno Odrza\u0144skie am 12.02.22 verhafteten und verfolgten Anarchist:innen.<\/p>\n<p>Solidarit\u00e4t mit den Seenotretter:innen der Iuventa, die vom 21.05.22 an in Italien vor Gericht stehen, weil sie sich der menschenverachtenden Abschottung Europas widersetzt und Fluchthilfe geleistet haben.<\/p>\n<p>Europa steht f\u00fcr Krieg, Ausbeutung, Rassismus und wei\u00dfe Vorherrschaft!<br \/>\nGegen Europa, gegen jeden Staat und jede Grenze!<\/p><\/blockquote>\n<p><strong>Quelle<\/strong>: Indymedia (<a href=\"http:\/\/dvqlamnbbzli62qfyt5faspxunueqdxc4csrslhcp2z3haiflnrn6dqd.onion\/node\/191564\">Tor<\/a>)<\/p>\n<p>&nbsp;<\/p>\n<p>&nbsp;<\/p>\n<blockquote><p>Einsatz vor dem polnischen Generalkonsulat an der Gr\u00fcndgenstra\u00dfe in Steilshoop: In der Nacht zu Samstag ist das Geb\u00e4ude mit Farbe beworfen worden. Kurz darauf nahmen Polizisten drei M\u00e4nner fest.<\/p>\n<p>Gegen 2.30 Uhr wurden die Einsatzkr\u00e4fte alarmiert. Als die ersten Polizeikr\u00e4fte eintrafen, war der T\u00e4ter \u2013 m\u00f6glich, dass es auch mehrere T\u00e4ter waren \u2013 bereits verschwunden. Zur\u00fcck blieben Farbreste. Auch mit Steinen soll auf das Konsulat geworfen worden sein.<br \/>\nFarb-Attacke auf polnisches Generalkonsulat in Hamburg<\/p>\n<p>In einer Nebenstra\u00dfe wurden zus\u00e4tzlich mehrere Autoreifen mutwillig in Brand gesteckt, wohl zu einer Barrikade aufgebaut. Die Polizisten riefen die Feuerwehr, die Retter l\u00f6schten. \u201eEs wurde niemand verletzt\u201c, so ein Sprecher.<\/p>\n<p>In Tatortn\u00e4he nahmen die Beamten noch in der Nacht drei M\u00e4nner fest. Sie wurden allerdings wieder freigelassen, weil kein hinreichender Tatverdacht gegen sie erh\u00e4rtet werden konnte. Der Staatsschutz \u2013 zust\u00e4ndig bei politisch motivierten Taten \u2013 \u00fcbernahm die Ermittlungen. Es wird ein Zusammenhang mit dem Ukraine-Krieg vermutet.<\/p><\/blockquote>\n<p><strong>Quelle<\/strong>: Mopo<\/p>\n","protected":false},"excerpt":{"rendered":"<p>Hamburg, 21. Mai 2022 \u201e&#8230;Bereits vor Wochen hat die polnische Regierung den Bau einer Mauer an der Belarussischen Grenze angek\u00fcndigt. Der Bau hat bereits begonnen und wird in den n\u00e4chsten Monaten mit Hilfe britischer Pioniertruppen und mehrerer polnischer und internationaler Stahl- und Materialfirmen kontinuierlich fortgesetzt&#8230;\u201c Fr\u00fch am 21. Mai wurde das Polnische Konsulat in Hamburg [&hellip;]<\/p>\n","protected":false},"author":12080,"featured_media":0,"comment_status":"closed","ping_status":"closed","sticky":false,"template":"","format":"standard","meta":{"footnotes":""},"categories":[2],"tags":[88],"class_list":["post-15616","post","type-post","status-publish","format-standard","hentry","category-de","tag-hamburg"],"_links":{"self":[{"href":"https:\/\/chronik.noblogs.org\/index.php?rest_route=\/wp\/v2\/posts\/15616","targetHints":{"allow":["GET"]}}],"collection":[{"href":"https:\/\/chronik.noblogs.org\/index.php?rest_route=\/wp\/v2\/posts"}],"about":[{"href":"https:\/\/chronik.noblogs.org\/index.php?rest_route=\/wp\/v2\/types\/post"}],"author":[{"embeddable":true,"href":"https:\/\/chronik.noblogs.org\/index.php?rest_route=\/wp\/v2\/users\/12080"}],"replies":[{"embeddable":true,"href":"https:\/\/chronik.noblogs.org\/index.php?rest_route=%2Fwp%2Fv2%2Fcomments&post=15616"}],"version-history":[{"count":0,"href":"https:\/\/chronik.noblogs.org\/index.php?rest_route=\/wp\/v2\/posts\/15616\/revisions"}],"wp:attachment":[{"href":"https:\/\/chronik.noblogs.org\/index.php?rest_route=%2Fwp%2Fv2%2Fmedia&parent=15616"}],"wp:term":[{"taxonomy":"category","embeddable":true,"href":"https:\/\/chronik.noblogs.org\/index.php?rest_route=%2Fwp%2Fv2%2Fcategories&post=15616"},{"taxonomy":"post_tag","embeddable":true,"href":"https:\/\/chronik.noblogs.org\/index.php?rest_route=%2Fwp%2Fv2%2Ftags&post=15616"}],"curies":[{"name":"wp","href":"https:\/\/api.w.org\/{rel}","templated":true}]}}