{"id":15597,"date":"2022-04-22T00:00:29","date_gmt":"2022-04-21T22:00:29","guid":{"rendered":"http:\/\/chronik.blackblogs.org\/?p=15597"},"modified":"2022-04-22T00:00:29","modified_gmt":"2022-04-21T22:00:29","slug":"bagger-und-einen-bohrer-der-firma-geomer-kampfmittelbergung-angezuendet","status":"publish","type":"post","link":"https:\/\/chronik.noblogs.org\/?p=15597","title":{"rendered":"Bagger und einen Bohrer der Firma geomer Kampfmittelbergung angez\u00fcndet"},"content":{"rendered":"<p><strong>Frankfurt am Main<\/strong>, 22. April 2022<\/p>\n<blockquote><p>In der letzten Nacht, vom 21. &#8211; 22.04.2022 haben wir einen Bagger und einen Bohrer der Firma geomer Kampfmittelbergung angez\u00fcndet und diverse andere Zerst\u00f6rungsutensilien unsch\u00e4dlich gemacht.<\/p>\n<p>Die Fl\u00e4che, auf der die Firma arbeitet, wurde vor einiger Zeit noch von einem Wagenplatz bewohnt, welcher zugunsten des A66\/1-Ausbaus weichen musste.<br \/>\nDie weitgehend zerst\u00f6rte Fl\u00e4che befindet sich au\u00dferdem direkt beim besetzten Fecherwald.<br \/>\nMenschen, die sich entschlossen gegen das Kapital und die Zerst\u00f6rung unserer Lebensgrundlage stellen,<br \/>\ndie versuchen, einen Weg hin zu etwas anderem, &#8220;dem guten Leben&#8221; zu finden.<!--more--><br \/>\nMenschen, die in ihrem selbstorganisierten Zusammenleben gemeinsam Schritt f\u00fcr Schritt ihre eigene Sozialisierung, die Fesseln, die dieses kranke System ihnen mit ihrer Geburt angelegt hat, zu \u00fcberwinden.<br \/>\nWir sehen so verdammt viel Potenzial in diesem Ort.<\/p>\n<p>Darum ist unsere Aktion ein Zeichen unserer Verbundenheit zu diesem Ort und unserer Solidarit\u00e4t mit jenen, die ihn lebendig machen.<br \/>\nUnsere Aktion ist auch ein Zeichen unserer eigenen Wut. Ein Zeichen unserer Hilflosigkeit. Wie oft f\u00fchlen wir uns unfassbar machtlos und gel\u00e4hmt?..<br \/>\nDoch in diesem Moment, in dem der Bagger in Flammen aufgeht, die Flammen in meinem Herz auf ihn \u00fcberschlagen, wei\u00df ich, dass ich richtig bin.<br \/>\nGenug ist genug.<\/p>\n<p>NEIN zum Bau neuer Autobahnen.<br \/>\nNEIN zu weiterer \u00f6kologischer Zerst\u00f6rung.<\/p>\n<p>Bleibt nicht passiv. Seid laut, vielf\u00e4ltig und kreativ. Lasst euch nicht von der systematischen vereinzelung, isolation und dem Gef\u00fchl der Machtlosigkeit kleinhalten.<\/p>\n<p>Willk\u00fcrlichkeit kann mit Willk\u00fcrlichkeit bek\u00e4mpft werden!<\/p>\n<p>Bagger Boom!<br \/>\nAutonome Kleingruppe GmbH<\/p><\/blockquote>\n<p><strong>Quelle<\/strong>: Indymedia (<a href=\"http:\/\/dvqlamnbbzli62qfyt5faspxunueqdxc4csrslhcp2z3haiflnrn6dqd.onion\/node\/185431\">Tor<\/a>)<\/p>\n","protected":false},"excerpt":{"rendered":"<p>Frankfurt am Main, 22. April 2022 In der letzten Nacht, vom 21. &#8211; 22.04.2022 haben wir einen Bagger und einen Bohrer der Firma geomer Kampfmittelbergung angez\u00fcndet und diverse andere Zerst\u00f6rungsutensilien unsch\u00e4dlich gemacht. Die Fl\u00e4che, auf der die Firma arbeitet, wurde vor einiger Zeit noch von einem Wagenplatz bewohnt, welcher zugunsten des A66\/1-Ausbaus weichen musste. Die [&hellip;]<\/p>\n","protected":false},"author":12080,"featured_media":0,"comment_status":"closed","ping_status":"closed","sticky":false,"template":"","format":"standard","meta":{"footnotes":""},"categories":[2],"tags":[68],"class_list":["post-15597","post","type-post","status-publish","format-standard","hentry","category-de","tag-frankfurt-am-main"],"_links":{"self":[{"href":"https:\/\/chronik.noblogs.org\/index.php?rest_route=\/wp\/v2\/posts\/15597","targetHints":{"allow":["GET"]}}],"collection":[{"href":"https:\/\/chronik.noblogs.org\/index.php?rest_route=\/wp\/v2\/posts"}],"about":[{"href":"https:\/\/chronik.noblogs.org\/index.php?rest_route=\/wp\/v2\/types\/post"}],"author":[{"embeddable":true,"href":"https:\/\/chronik.noblogs.org\/index.php?rest_route=\/wp\/v2\/users\/12080"}],"replies":[{"embeddable":true,"href":"https:\/\/chronik.noblogs.org\/index.php?rest_route=%2Fwp%2Fv2%2Fcomments&post=15597"}],"version-history":[{"count":0,"href":"https:\/\/chronik.noblogs.org\/index.php?rest_route=\/wp\/v2\/posts\/15597\/revisions"}],"wp:attachment":[{"href":"https:\/\/chronik.noblogs.org\/index.php?rest_route=%2Fwp%2Fv2%2Fmedia&parent=15597"}],"wp:term":[{"taxonomy":"category","embeddable":true,"href":"https:\/\/chronik.noblogs.org\/index.php?rest_route=%2Fwp%2Fv2%2Fcategories&post=15597"},{"taxonomy":"post_tag","embeddable":true,"href":"https:\/\/chronik.noblogs.org\/index.php?rest_route=%2Fwp%2Fv2%2Ftags&post=15597"}],"curies":[{"name":"wp","href":"https:\/\/api.w.org\/{rel}","templated":true}]}}