{"id":15587,"date":"2022-04-25T00:00:24","date_gmt":"2022-04-24T22:00:24","guid":{"rendered":"http:\/\/chronik.blackblogs.org\/?p=15587"},"modified":"2022-04-25T00:00:24","modified_gmt":"2022-04-24T22:00:24","slug":"vonovia-firmenfahrzeuge-beschaedigt-und-angezuendet","status":"publish","type":"post","link":"https:\/\/chronik.noblogs.org\/?p=15587","title":{"rendered":"Vonovia-Firmenfahrzeuge besch\u00e4digt und angez\u00fcndet"},"content":{"rendered":"<p><strong>Frankfurt am Main<\/strong>, 25. April 2022<\/p>\n<blockquote><p>Heute tanzten wir munter und leise<br \/>\nin Richtung gemeinschaftlich organisierte Utopia<br \/>\ndenn dort gibt es ganz sicher kein Vonovia<br \/>\nMieten und Dividenden sind vergessen<br \/>\nund stattdessen<br \/>\nAlles f\u00fcr Alle<br \/>\nDenn Wohnraum ist keine kapitalistische Falle<br \/>\nKomm auch du mit uns auf diese Reise.<br \/>\n<!--more--><br \/>\nIn den fr\u00fchen Morgenstunden des 25. April 2022 haben wir, eine Feministische Autonome Zelle, mehrere Autos des Immobilienkonzerns Vonovia im Frankfurter S\u00fcden besch\u00e4digt: Drei Fahrzeuge (PKWs und Transporter) um den Heimatring haben wir tiefergelegt und einen Transporter am Melanchtonplatz angez\u00fcndet. Jeweils haben wir eine Gef\u00e4hrdung von Menschen ausgeschlossen und das Risiko, nahestehende Fahrzeuge zu besch\u00e4digen, minimiert. Damit schlie\u00dfen wir uns den bisherigen Aktionen anderer Feministischer Autonomer Zellen an, die bereits an anderen Orten Vonovia-Eigentum attackiert haben.Wieso wir es gerade auf Vonovia abgesehen haben, l\u00e4sst sich in den Texten i und ii nachlesen. Unsere Aktion reiht sich in die fast un\u00fcberschaubare Vielzahl an Aktionen gegen den Konzern ein, von Mieter*innenorganisationen bis Brandanschl\u00e4gen.<\/p>\n<p>Frankfurt soll Stadt der Banken, des Konsums und der Luxuswohnungen sein. Nicht mit uns! Wir wollen keine EZB, keine Luxus-Apartments und keine einzige weitere Shoppingmeile. Wir k\u00f6nnen und wollen keine \u00fcberteuerten Mieten zahlen. Wir wollen nicht weiter weichen, wenn Mieten erh\u00f6ht werden, Mieter*innen und Einzelhandel verdr\u00e4ngt und St\u00fcck f\u00fcr St\u00fcck ganze Stadtteile gentrifiziert werden. Es kann nicht sein, dass Menschen in Zeiten einer Pandemie auf der Stra\u00dfe leben m\u00fcssen, oder sogar noch zwangsger\u00e4umt werden. Wir sehen nicht weiter tatenlos zu, w\u00e4hrend uns unsere Wohnorte genommen und unsere Freir\u00e4ume bek\u00e4mpft werden. Die politische Meinungsmache von CDU und FDP geht dabei Hand in Hand mit den rechtsextremen Brandstiftungen gegen linke Wohnprojekte in 2018 und 2019. Wir haben die Schl\u00e4ge gegen unsere Orte nicht vergessen, ob hier in Frankfurt oder anderswo &#8211; gegen die Rummelsberger Bucht, Liebig, K\u00f6pi oder den Danni. Lasst uns daraus lernen und alles daran setzen, die verbliebenen Freir\u00e4ume in den St\u00e4dten, wie den Fechenheimer Wald,gegen geplante Bauprojekte zu verteidigen! iii<\/p>\n<p>Die eigene Miete durch st\u00e4ndige Preiserh\u00f6hungen (fast) nicht bezahlen zu k\u00f6nnen, statt Reparaturservice mit Sch\u00e4den monatelang sitzen gelassen zu werden und diese dann selber bezahlen zu m\u00fcssen, auch mit K\u00fcndigungsversuchen dank Schweigen als Reaktion keine Erfolge zu haben, und und und &#8211; mit Vonovia geht Zuhause nur als unertr\u00e4gliche Lebenssituation! Wohnraum ist keine Ware!<\/p>\n<p>Wir fordern lebenswerten Wohnraum f\u00fcr alle statt Luxuswohnungen und B\u00fcros! Gegen die Stadt der Reichen &#8211; Stadt f\u00fcr alle!<\/p>\n<p>Wir gedenken mit dieser Aktion Christy Schwundeck, die 2011 von einer Frankfurter Polizistin aus rassistischen Gr\u00fcnden ermordet wurde, als sie sich in Not ans Jobcenter wandte. iv Ihr Mord j\u00e4hrt sich am 19. Mai zum elften Mal. Sie bleibt unvergessen.<\/p>\n<p>Gru\u00df und Kuss,<\/p>\n<p>eine Feministische Autonome Zelle<\/p>\n<p>i https:\/\/barrikade.info\/article\/2997<br \/>\nii https:\/\/barrikade.info\/article\/4932<br \/>\niii https:\/\/teufelsbruch.blackblogs.org\/<br \/>\niv https:\/\/initiative-christy-schwundeck.blogspot.com\/<\/p><\/blockquote>\n<p><strong>Quelle<\/strong>: Indymedia (<a href=\"http:\/\/dvqlamnbbzli62qfyt5faspxunueqdxc4csrslhcp2z3haiflnrn6dqd.onion\/node\/186695\">Tor<\/a>)<\/p>\n","protected":false},"excerpt":{"rendered":"<p>Frankfurt am Main, 25. April 2022 Heute tanzten wir munter und leise in Richtung gemeinschaftlich organisierte Utopia denn dort gibt es ganz sicher kein Vonovia Mieten und Dividenden sind vergessen und stattdessen Alles f\u00fcr Alle Denn Wohnraum ist keine kapitalistische Falle Komm auch du mit uns auf diese Reise.<\/p>\n","protected":false},"author":12080,"featured_media":0,"comment_status":"closed","ping_status":"closed","sticky":false,"template":"","format":"standard","meta":{"footnotes":""},"categories":[2],"tags":[68],"class_list":["post-15587","post","type-post","status-publish","format-standard","hentry","category-de","tag-frankfurt-am-main"],"_links":{"self":[{"href":"https:\/\/chronik.noblogs.org\/index.php?rest_route=\/wp\/v2\/posts\/15587","targetHints":{"allow":["GET"]}}],"collection":[{"href":"https:\/\/chronik.noblogs.org\/index.php?rest_route=\/wp\/v2\/posts"}],"about":[{"href":"https:\/\/chronik.noblogs.org\/index.php?rest_route=\/wp\/v2\/types\/post"}],"author":[{"embeddable":true,"href":"https:\/\/chronik.noblogs.org\/index.php?rest_route=\/wp\/v2\/users\/12080"}],"replies":[{"embeddable":true,"href":"https:\/\/chronik.noblogs.org\/index.php?rest_route=%2Fwp%2Fv2%2Fcomments&post=15587"}],"version-history":[{"count":0,"href":"https:\/\/chronik.noblogs.org\/index.php?rest_route=\/wp\/v2\/posts\/15587\/revisions"}],"wp:attachment":[{"href":"https:\/\/chronik.noblogs.org\/index.php?rest_route=%2Fwp%2Fv2%2Fmedia&parent=15587"}],"wp:term":[{"taxonomy":"category","embeddable":true,"href":"https:\/\/chronik.noblogs.org\/index.php?rest_route=%2Fwp%2Fv2%2Fcategories&post=15587"},{"taxonomy":"post_tag","embeddable":true,"href":"https:\/\/chronik.noblogs.org\/index.php?rest_route=%2Fwp%2Fv2%2Ftags&post=15587"}],"curies":[{"name":"wp","href":"https:\/\/api.w.org\/{rel}","templated":true}]}}